{"id":6879,"date":"2015-10-07T18:00:37","date_gmt":"2015-10-07T18:00:37","guid":{"rendered":"http:\/\/www.federacaopaulistadefutsal.com.br\/?p=6879"},"modified":"2015-10-07T18:00:37","modified_gmt":"2015-10-07T18:00:37","slug":"menores-do-osasco-encaram-pulo-do-gato-e-sorocabana-em-rodada-dupla","status":"publish","type":"post","link":"https:\/\/www.federacaopaulistadefutsal.com.br\/novo\/menores-do-osasco-encaram-pulo-do-gato-e-sorocabana-em-rodada-dupla\/","title":{"rendered":"Menores do Osasco encaram Pulo do Gato e Sorocabana em rodada dupla"},"content":{"rendered":"<p>&nbsp;<br \/>\nPelo Campeonato Estadual A1 de menores, as equipes do Osasco encaram, no pr\u00f3ximo s\u00e1bado (10), a equipe do Pulo do Gato, de Campinas-SP. Na segunda-feira (12), os garotos osasquenses medem for\u00e7as com a A.A Sorocabana; ambos os jogos acontecem no gin\u00e1sio\u00a0Sebasti\u00e3o Rafael da Silva, o &#8220;Geod\u00e9sico&#8221;.<br \/>\nDiante dos campineiros do Pulo, o time de Osasco-SP acredita que, em todas as categorias, as partidas ser\u00e3o equilibradas. Pelo sub-14, 16 e 17, as equipes osasquenses est\u00e3o melhores colocadas que as do advers\u00e1rio na classifica\u00e7\u00e3o geral do Paulista; j\u00e1 no sub-10 e 12, os campineiros est\u00e3o \u00e0 frente na tabela.<br \/>\nNos confrontos com a Sorocabana, os donos da casa est\u00e3o melhores que os rivais em tr\u00eas\u00a0categorias da equipe: sub-10, 16 e 17. J\u00e1 pelo\u00a0sub-12 e 14, os sorocabanos seguem \u00e0 frente do Osasco no Estadual.<br \/>\n<strong>&#8220;Nosso maior desafio ser\u00e1 reverter a situa\u00e7\u00e3o do sub-12, que tem cinco empates, tr\u00eas derrotas e apenas uma vit\u00f3ria. Para mantermos as chances de classifica\u00e7\u00e3o, os meninos precisam de bons resultados&#8221;,<\/strong> comentou Oswaldo Aleixo, coordenador das categorias menores do time osasquense.<br \/>\nA rodada dupla dos menores do Osasco contra campineiros e sorocabanos pode definir a classifica\u00e7\u00e3o das equipes para a pr\u00f3xima fase da competi\u00e7\u00e3o.<br \/>\n&nbsp;<br \/>\nPor Assessoria FPFS<br \/>\nCom informa\u00e7\u00f5es e foto: Ana Luisa Rodrigues\/SEREL de Osasco-SP<br \/>\n&nbsp;<\/p>\n","protected":false},"excerpt":{"rendered":"<p>&nbsp; Pelo Campeonato Estadual A1 de menores, as equipes do Osasco encaram, no pr\u00f3ximo s\u00e1bado (10), a equipe do Pulo<\/p>\n","protected":false},"author":1,"featured_media":6880,"comment_status":"closed","ping_status":"open","sticky":false,"template":"","format":"standard","meta":{"footnotes":""},"categories":[8,33],"tags":[123,975,1643,1792,1835,1999,2135,2327],"class_list":["post-6879","post","type-post","status-publish","format-standard","has-post-thumbnail","hentry","category-estadual-base-a1","category-menores","tag-a1","tag-estadual","tag-menores-2","tag-osasco","tag-paulista","tag-pulo-do-gato","tag-rodada-dupla","tag-sorocabana"],"_links":{"self":[{"href":"https:\/\/www.federacaopaulistadefutsal.com.br\/novo\/wp-json\/wp\/v2\/posts\/6879","targetHints":{"allow":["GET"]}}],"collection":[{"href":"https:\/\/www.federacaopaulistadefutsal.com.br\/novo\/wp-json\/wp\/v2\/posts"}],"about":[{"href":"https:\/\/www.federacaopaulistadefutsal.com.br\/novo\/wp-json\/wp\/v2\/types\/post"}],"author":[{"embeddable":true,"href":"https:\/\/www.federacaopaulistadefutsal.com.br\/novo\/wp-json\/wp\/v2\/users\/1"}],"replies":[{"embeddable":true,"href":"https:\/\/www.federacaopaulistadefutsal.com.br\/novo\/wp-json\/wp\/v2\/comments?post=6879"}],"version-history":[{"count":0,"href":"https:\/\/www.federacaopaulistadefutsal.com.br\/novo\/wp-json\/wp\/v2\/posts\/6879\/revisions"}],"wp:featuredmedia":[{"embeddable":true,"href":"https:\/\/www.federacaopaulistadefutsal.com.br\/novo\/wp-json\/"}],"wp:attachment":[{"href":"https:\/\/www.federacaopaulistadefutsal.com.br\/novo\/wp-json\/wp\/v2\/media?parent=6879"}],"wp:term":[{"taxonomy":"category","embeddable":true,"href":"https:\/\/www.federacaopaulistadefutsal.com.br\/novo\/wp-json\/wp\/v2\/categories?post=6879"},{"taxonomy":"post_tag","embeddable":true,"href":"https:\/\/www.federacaopaulistadefutsal.com.br\/novo\/wp-json\/wp\/v2\/tags?post=6879"}],"curies":[{"name":"wp","href":"https:\/\/api.w.org\/{rel}","templated":true}]}}