{"id":6891,"date":"2015-10-08T16:05:51","date_gmt":"2015-10-08T16:05:51","guid":{"rendered":"http:\/\/www.federacaopaulistadefutsal.com.br\/?p=6891"},"modified":"2015-10-08T16:05:51","modified_gmt":"2015-10-08T16:05:51","slug":"pela-copa-paulista-sao-caetano-e-sao-jose-empatam-em-5-a-5","status":"publish","type":"post","link":"https:\/\/www.federacaopaulistadefutsal.com.br\/novo\/pela-copa-paulista-sao-caetano-e-sao-jose-empatam-em-5-a-5\/","title":{"rendered":"Pela Copa Paulista, S\u00e3o Caetano e S\u00e3o Jos\u00e9 empatam em 5 a 5"},"content":{"rendered":"<p>&nbsp;<br \/>\nPela Copa Paulista de Futsal, na \u00faltima quarta-feira (07), S\u00e3o Caetano e S\u00e3o Jos\u00e9 proporcionaram um duelo de &#8220;tirar o f\u00f4lego&#8221;. Ao t\u00e9rmino da partida, o placar marcava empate em 5 a 5 entre sul-caetanenses e joseenses; Michael (2), Gouv\u00eaa (2) e Thyago Monteiro marcaram os gols do time do ABC e, para a equipe do Vale do Para\u00edba, Fernandinho (2), Victor Mello, Wilsinho e Vandinho foram para a rede.<br \/>\nCom o resultado, o S\u00e3o Caetano segue na vice-lideran\u00e7a do grupo B da Copa, com seis pontos ganhos: uma vit\u00f3ria e tr\u00eas empates at\u00e9 aqui. J\u00e1 o S\u00e3o Jos\u00e9 Futsal, vem logo atr\u00e1s, em terceiro, com cinco pontos; uma vit\u00f3ria, dois empates e uma derrota.<br \/>\nNa pr\u00f3xima sexta-feira (09), a equipe do ABC paulista volta \u00e0 quadra pela competi\u00e7\u00e3o estadual, a partir das 20h00, em duelo contra a ADC Intelli\/Orl\u00e2ndia, atual vice-campe\u00e3 da Liga Paulista. Os joseenses tamb\u00e9m ter\u00e3o compromisso pela Copa, e ele ser\u00e1, tamb\u00e9m, contra o time orlandino, do t\u00e9cnico Cid\u00e3o; partida que acontecer\u00e1 na quinta-feira (15), \u00e0s 20h00.<br \/>\nPela Liga Nacional de Futsal (LNF), o S\u00e3o Jos\u00e9, antes do jogo pela Copa Paulista, recebe a Intelli, no gin\u00e1sio do T\u00eanis Clube, segunda-feira (12), a partir das 19h15. Sem quaisquer chances de se classificar \u00e0 pr\u00f3xima fase da LNF, os joseenses apenas entram em quadra para cumprir tabela.<br \/>\n&nbsp;<br \/>\nPor Assessoria FPFS<br \/>\nCom informa\u00e7\u00f5es: GloboEsporte.com<br \/>\nFoto: Reprodu\u00e7\u00e3o\/FutsalEmPauta.com.br<br \/>\n&nbsp;<br \/>\n&nbsp;<\/p>\n","protected":false},"excerpt":{"rendered":"<p>&nbsp; Pela Copa Paulista de Futsal, na \u00faltima quarta-feira (07), S\u00e3o Caetano e S\u00e3o Jos\u00e9 proporcionaram um duelo de &#8220;tirar<\/p>\n","protected":false},"author":1,"featured_media":6892,"comment_status":"closed","ping_status":"open","sticky":false,"template":"","format":"standard","meta":{"footnotes":""},"categories":[23,32],"tags":[137,718,928,929,1546,1709,1835,2189,2198],"class_list":["post-6891","post","type-post","status-publish","format-standard","has-post-thumbnail","hentry","category-copa-paulista","category-maiores","tag-abc","tag-copa-paulista","tag-emocionante","tag-empate","tag-lnf","tag-nacional","tag-paulista","tag-sao-caetano","tag-sao-jose"],"_links":{"self":[{"href":"https:\/\/www.federacaopaulistadefutsal.com.br\/novo\/wp-json\/wp\/v2\/posts\/6891","targetHints":{"allow":["GET"]}}],"collection":[{"href":"https:\/\/www.federacaopaulistadefutsal.com.br\/novo\/wp-json\/wp\/v2\/posts"}],"about":[{"href":"https:\/\/www.federacaopaulistadefutsal.com.br\/novo\/wp-json\/wp\/v2\/types\/post"}],"author":[{"embeddable":true,"href":"https:\/\/www.federacaopaulistadefutsal.com.br\/novo\/wp-json\/wp\/v2\/users\/1"}],"replies":[{"embeddable":true,"href":"https:\/\/www.federacaopaulistadefutsal.com.br\/novo\/wp-json\/wp\/v2\/comments?post=6891"}],"version-history":[{"count":0,"href":"https:\/\/www.federacaopaulistadefutsal.com.br\/novo\/wp-json\/wp\/v2\/posts\/6891\/revisions"}],"wp:featuredmedia":[{"embeddable":true,"href":"https:\/\/www.federacaopaulistadefutsal.com.br\/novo\/wp-json\/"}],"wp:attachment":[{"href":"https:\/\/www.federacaopaulistadefutsal.com.br\/novo\/wp-json\/wp\/v2\/media?parent=6891"}],"wp:term":[{"taxonomy":"category","embeddable":true,"href":"https:\/\/www.federacaopaulistadefutsal.com.br\/novo\/wp-json\/wp\/v2\/categories?post=6891"},{"taxonomy":"post_tag","embeddable":true,"href":"https:\/\/www.federacaopaulistadefutsal.com.br\/novo\/wp-json\/wp\/v2\/tags?post=6891"}],"curies":[{"name":"wp","href":"https:\/\/api.w.org\/{rel}","templated":true}]}}