{"id":6938,"date":"2015-10-12T09:48:59","date_gmt":"2015-10-12T09:48:59","guid":{"rendered":"http:\/\/www.federacaopaulistadefutsal.com.br\/?p=6938"},"modified":"2015-10-12T09:48:59","modified_gmt":"2015-10-12T09:48:59","slug":"sem-chances-de-se-classificar-sao-jose-recebe-orlandia-pela-liga-nacional","status":"publish","type":"post","link":"https:\/\/www.federacaopaulistadefutsal.com.br\/novo\/sem-chances-de-se-classificar-sao-jose-recebe-orlandia-pela-liga-nacional\/","title":{"rendered":"Sem chances de se classificar, S\u00e3o Jos\u00e9 recebe Orl\u00e2ndia pela Liga Nacional"},"content":{"rendered":"<p class=\"western\">Apesar de n\u00e3o ter mais chances de se classificar na Liga Nacional de Futsal (LNF), o S\u00e3o Jos\u00e9 recebe, nesta segunda-feira (12), a ADC Intelli\/Orl\u00e2ndia, a partir das 19h15, no gin\u00e1sio do T\u00eanis Clube. Os joseenses, diante dos orlandinos, que s\u00e3o l\u00edderes do grupo A, jogar\u00e3o seu \u00faltimo confronto pela segunda fase da competi\u00e7\u00e3o.<\/p>\n<p class=\"western\">Para o capit\u00e3o Betinho, a equipe de S\u00e3o Jos\u00e9 dos Campos-SP poderia ter ido mais longe no torneio:\u00a0<strong>&#8220;Conseguimos nossa classifica\u00e7\u00e3o da LNF na primeira fase somente na \u00faltima rodada, mas penso que poder\u00edamos ter conseguido isso muito antes, sem sofrer tanto como sofremos. Na segunda fase, essa irregularidade persistiu e tivemos muitos altos e baixos, n\u00e3o conseguindo manter nosso n\u00edvel de atua\u00e7\u00e3o bom nos momentos decisivos. Mesmo assim, fizemos jogos contra as melhores equipes do pa\u00eds de igual para igual e acho que a equipe est\u00e1 toda de parab\u00e9ns, apesar dessa elimina\u00e7\u00e3o&#8221;<\/strong>, disse o jogador.<\/p>\n<p class=\"western\">Com apenas 9 pontos ganhos e na s\u00e9tima coloca\u00e7\u00e3o do grupo A, os joseenses esperam terminar a disputa de &#8220;cabe\u00e7a erguida&#8221;, vencendo o duelo contra a Intelli.\u00a0<strong>&#8220;A expectativa \u00e9 que a nossa despedida da Liga Nacional, contra a Intelli, seja marcada por um duro confronto como todas as vezes que enfrentamos a equipe de Orl\u00e2ndia-SP. Vamos tentar vencer&#8221;,<\/strong> completou o camisa 10.<\/p>\n<p class=\"western\">Para a partida diante do\u00a0Orl\u00e2ndia, a diretoria do S\u00e3o Jos\u00e9 disponibilizou ingressos a R$ 5,00 ou R$ 2,00 reais + 1kg de alimento n\u00e3o perec\u00edvel (exceto sal e a\u00e7\u00facar). No gin\u00e1sio do T\u00eanis Clube ainda ter\u00e1 sorteio de camisa oficial do time joseense ao p\u00fablico presente no jogo.<\/p>\n<p class=\"western\">Por Assessoria FPFS<\/p>\n<p class=\"western\">Com informa\u00e7\u00f5es: Brenno Domingues\/Quarttus Marketing<\/p>\n<p class=\"western\">Foto: Divulga\u00e7\u00e3o\/Quarttus Marketing<\/p>\n","protected":false},"excerpt":{"rendered":"<p>Apesar de n\u00e3o ter mais chances de se classificar na Liga Nacional de Futsal (LNF), o S\u00e3o Jos\u00e9 recebe, nesta<\/p>\n","protected":false},"author":1,"featured_media":6939,"comment_status":"closed","ping_status":"open","sticky":false,"template":"","format":"standard","meta":{"footnotes":""},"categories":[30,32],"tags":[1312,1323,1447,1709,1789,1791,2198,2471,2518,2548],"class_list":["post-6938","post","type-post","status-publish","format-standard","has-post-thumbnail","hentry","category-liga-nacional-de-futsal","category-maiores","tag-ingressos","tag-intelli","tag-joseenses","tag-nacional","tag-orlandia","tag-orlandinos","tag-sao-jose","tag-torcedores","tag-ultimo-jogo","tag-vale-do-paraiba"],"_links":{"self":[{"href":"https:\/\/www.federacaopaulistadefutsal.com.br\/novo\/wp-json\/wp\/v2\/posts\/6938","targetHints":{"allow":["GET"]}}],"collection":[{"href":"https:\/\/www.federacaopaulistadefutsal.com.br\/novo\/wp-json\/wp\/v2\/posts"}],"about":[{"href":"https:\/\/www.federacaopaulistadefutsal.com.br\/novo\/wp-json\/wp\/v2\/types\/post"}],"author":[{"embeddable":true,"href":"https:\/\/www.federacaopaulistadefutsal.com.br\/novo\/wp-json\/wp\/v2\/users\/1"}],"replies":[{"embeddable":true,"href":"https:\/\/www.federacaopaulistadefutsal.com.br\/novo\/wp-json\/wp\/v2\/comments?post=6938"}],"version-history":[{"count":0,"href":"https:\/\/www.federacaopaulistadefutsal.com.br\/novo\/wp-json\/wp\/v2\/posts\/6938\/revisions"}],"wp:featuredmedia":[{"embeddable":true,"href":"https:\/\/www.federacaopaulistadefutsal.com.br\/novo\/wp-json\/"}],"wp:attachment":[{"href":"https:\/\/www.federacaopaulistadefutsal.com.br\/novo\/wp-json\/wp\/v2\/media?parent=6938"}],"wp:term":[{"taxonomy":"category","embeddable":true,"href":"https:\/\/www.federacaopaulistadefutsal.com.br\/novo\/wp-json\/wp\/v2\/categories?post=6938"},{"taxonomy":"post_tag","embeddable":true,"href":"https:\/\/www.federacaopaulistadefutsal.com.br\/novo\/wp-json\/wp\/v2\/tags?post=6938"}],"curies":[{"name":"wp","href":"https:\/\/api.w.org\/{rel}","templated":true}]}}