{"id":6973,"date":"2015-10-14T14:16:57","date_gmt":"2015-10-14T14:16:57","guid":{"rendered":"http:\/\/www.federacaopaulistadefutsal.com.br\/?p=6973"},"modified":"2015-10-14T14:16:57","modified_gmt":"2015-10-14T14:16:57","slug":"ivan-gomes-deixa-sao-jose-apos-mais-de-cinco-temporadas-no-comando-do-time","status":"publish","type":"post","link":"https:\/\/www.federacaopaulistadefutsal.com.br\/novo\/ivan-gomes-deixa-sao-jose-apos-mais-de-cinco-temporadas-no-comando-do-time\/","title":{"rendered":"Ivan Gomes deixa S\u00e3o Jos\u00e9 ap\u00f3s mais de cinco temporadas no comando do time"},"content":{"rendered":"<p>&nbsp;<br \/>\nAp\u00f3s cinco anos e meio \u00e0 frente do S\u00e3o Jos\u00e9 Futsal, o t\u00e9cnico Ivan Gomes, na \u00faltima ter\u00e7a-feira (13), anunciou seu desligamento do time joseense. Ele conversou com dirigentes do clube e, atrav\u00e9s de acordo entre as partes, se despediu da equipe do Vale do Para\u00edba; a sa\u00edda do treinador j\u00e1 era questionada antes\u00a0da elimina\u00e7\u00e3o de seus comandados na Liga Nacional de Futsal (LNF).<br \/>\nConforme palavras de Roberto Rocha Brand\u00e3o, presidente do S\u00e3o Jos\u00e9, conhecido popularmente como &#8220;Montanha&#8221;, o desligamento foi feito em comum acordo entre Gomes e a diretoria. <strong>&#8220;Est\u00e1vamos j\u00e1 conversando sobre essa possibilidade h\u00e1 algum tempo. Vimos que seria melhor sair agora, para n\u00e3o ter desgaste. Foi uma sa\u00edda de comum acordo. Ele j\u00e1 estava h\u00e1 cinco anos e meio no S\u00e3o Jos\u00e9. \u00c9 bom para arejar a cabe\u00e7a, respirar novos ares&#8221;,<\/strong> revelou Brand\u00e3o.<br \/>\nPara o\u00a0ex-t\u00e9cnico do time joseense, Ivan Gomes, ele acredita que deixa a equipe com o sentimento de dever cumprido ao longo das \u00faltimas cinco temporadas. <strong>&#8220;Sentamos para conversar h\u00e1 algum tempo sobre renova\u00e7\u00e3o. Mas da\u00ed chegamos a um consenso de n\u00e3o renovar o contrato para 2016. Foi uma decis\u00e3o conjunta. J\u00e1 t\u00ednhamos conversado que eu sairia depois da Liga Nacional, independente do resultado (&#8230;) Foi muito bom esse per\u00edodo. Cheguei ao S\u00e3o Jos\u00e9 com a equipe em um patamar e saio com ela em um maior. O S\u00e3o Jos\u00e9 entrou de vez no cen\u00e1rio nacional. Conseguimos fazer grandes trabalhos, conquistar alguns t\u00edtulos. Foi muito v\u00e1lido, cresci muito; cresci junto com o S\u00e3o Jos\u00e9&#8221;,<\/strong> declarou o treinador.<br \/>\nAgora, com a sa\u00edda de Gomes, Rodisnei de Sena, preparador f\u00edsico do S\u00e3o Jos\u00e9, assume interinamente ao comando da equipe na disputa da Copa Paulista. Para poder dar in\u00edcio \u00e0s negocia\u00e7\u00f5es com um novo t\u00e9cnico, o presidente &#8220;Montanha&#8221; aguarda a defini\u00e7\u00e3o do or\u00e7amento para a pr\u00f3xima temporada.<br \/>\n<strong>&#8220;Temos que saber qual ser\u00e1 a nossa verba para o ano que vem. N\u00e3o podemos acertar com um t\u00e9cnico e, depois,\u00a0n\u00e3o conseguir pagar. J\u00e1 temos alguns nomes em mente, mas preferimos ainda n\u00e3o divulgar. Provavelmente, isso vai ser definido em janeiro&#8221;, <\/strong>disse Brand\u00e3o.<strong>\u00a0\u00a0<\/strong><br \/>\nO pr\u00f3ximo compromisso do S\u00e3o Jos\u00e9 em quadra\u00a0ser\u00e1 diante da ADC Intelli\/Orl\u00e2ndia, em partida v\u00e1lida pela Copa Paulista, que acontece na pr\u00f3xima quinta-feira (15), a partir das 20h00, no gin\u00e1sio do T\u00eanis Clube.<br \/>\n&nbsp;<br \/>\nPor Assessoria FPFS<br \/>\nCom informa\u00e7\u00f5es: GloboEsporte.com<br \/>\nFoto: Divulga\u00e7\u00e3o\/Quarttus Marketing<br \/>\n&nbsp;<br \/>\n&nbsp;<br \/>\n&nbsp;<\/p>\n","protected":false},"excerpt":{"rendered":"<p>&nbsp; Ap\u00f3s cinco anos e meio \u00e0 frente do S\u00e3o Jos\u00e9 Futsal, o t\u00e9cnico Ivan Gomes, na \u00faltima ter\u00e7a-feira (13),<\/p>\n","protected":false},"author":1,"featured_media":6974,"comment_status":"closed","ping_status":"open","sticky":false,"template":"","format":"standard","meta":{"footnotes":""},"categories":[29,32],"tags":[1374,1447,1688,1719,1956,2066,2163,2198,2422,2548],"class_list":["post-6973","post","type-post","status-publish","format-standard","has-post-thumbnail","hentry","category-interior","category-maiores","tag-ivan-gomes","tag-joseenses","tag-montanha","tag-negociacoes","tag-presidente","tag-reformulacao","tag-saida","tag-sao-jose","tag-tecnico","tag-vale-do-paraiba"],"_links":{"self":[{"href":"https:\/\/www.federacaopaulistadefutsal.com.br\/novo\/wp-json\/wp\/v2\/posts\/6973","targetHints":{"allow":["GET"]}}],"collection":[{"href":"https:\/\/www.federacaopaulistadefutsal.com.br\/novo\/wp-json\/wp\/v2\/posts"}],"about":[{"href":"https:\/\/www.federacaopaulistadefutsal.com.br\/novo\/wp-json\/wp\/v2\/types\/post"}],"author":[{"embeddable":true,"href":"https:\/\/www.federacaopaulistadefutsal.com.br\/novo\/wp-json\/wp\/v2\/users\/1"}],"replies":[{"embeddable":true,"href":"https:\/\/www.federacaopaulistadefutsal.com.br\/novo\/wp-json\/wp\/v2\/comments?post=6973"}],"version-history":[{"count":0,"href":"https:\/\/www.federacaopaulistadefutsal.com.br\/novo\/wp-json\/wp\/v2\/posts\/6973\/revisions"}],"wp:featuredmedia":[{"embeddable":true,"href":"https:\/\/www.federacaopaulistadefutsal.com.br\/novo\/wp-json\/"}],"wp:attachment":[{"href":"https:\/\/www.federacaopaulistadefutsal.com.br\/novo\/wp-json\/wp\/v2\/media?parent=6973"}],"wp:term":[{"taxonomy":"category","embeddable":true,"href":"https:\/\/www.federacaopaulistadefutsal.com.br\/novo\/wp-json\/wp\/v2\/categories?post=6973"},{"taxonomy":"post_tag","embeddable":true,"href":"https:\/\/www.federacaopaulistadefutsal.com.br\/novo\/wp-json\/wp\/v2\/tags?post=6973"}],"curies":[{"name":"wp","href":"https:\/\/api.w.org\/{rel}","templated":true}]}}