{"id":7001,"date":"2015-10-15T13:10:22","date_gmt":"2015-10-15T13:10:22","guid":{"rendered":"http:\/\/www.federacaopaulistadefutsal.com.br\/?p=7001"},"modified":"2015-10-15T13:10:22","modified_gmt":"2015-10-15T13:10:22","slug":"menores-do-osasco-encaram-santos-no-encerramento-da-primeira-fase-do-estadual","status":"publish","type":"post","link":"https:\/\/www.federacaopaulistadefutsal.com.br\/novo\/menores-do-osasco-encaram-santos-no-encerramento-da-primeira-fase-do-estadual\/","title":{"rendered":"Menores do Osasco encaram Santos no encerramento da primeira fase do Estadual"},"content":{"rendered":"<p>&nbsp;<br \/>\nNo pr\u00f3ximo s\u00e1bado (17), termina a primeira fase do Campeonato Estadual de menores para o Osasco. O time osasquense vai \u00e0 baixada santista para encarar a garotada do Santos F.C., a partir das 09h00, no gin\u00e1sio do Jabaquara.<br \/>\nTr\u00eas equipes osasquenses j\u00e1 est\u00e3o classificadas \u00e0 pr\u00f3xima fase da competi\u00e7\u00e3o. Os meninos do sub-10 ocupam a quarta coloca\u00e7\u00e3o e, dependendo do resultado contra os santistas, tem chances de ficar no terceiro lugar. A garotada do sub-16 j\u00e1 est\u00e1 classificada como l\u00edder do grupo D e, independentemente do placar final no duelo diante do Santos, permanecer\u00e3o em primeiro; e, por fim, o sub-17 est\u00e1 na vice-lideran\u00e7a da chave, acima da Sorocabana.<br \/>\n<a href=\"http:\/\/www.federacaopaulistadefutsal.com.br\/wp-content\/uploads\/2015\/10\/Osasco_molecada2.jpg\"><img fetchpriority=\"high\" decoding=\"async\" class=\"aligncenter size-full wp-image-7003\" src=\"http:\/\/www.federacaopaulistadefutsal.com.br\/wp-content\/uploads\/2015\/10\/Osasco_molecada2.jpg\" alt=\"Osasco_molecada2\" width=\"697\" height=\"466\" \/><\/a><br \/>\n<strong>&#8220;O sub-14 \u00e9 o \u00fanico que joga com a responsabilidade de n\u00e3o perder para avan\u00e7ar para a segunda fase. Enfrenta o vice-l\u00edder do grupo D, que ainda n\u00e3o perdeu. Sabemos que ser\u00e1 uma tarefa dif\u00edcil, mas a equipe tem qualidades para somar pelo menos um ponto&#8221;, <\/strong>comentou Osvaldo Aleixo, coordenador das categorias menores do Osasco.<br \/>\n&nbsp;<br \/>\nPor Assessoria FPFS<br \/>\nCom informa\u00e7\u00f5es e foto: Ana Luisa Rodrigues\/SEREL de Osasco-SP<br \/>\n&nbsp;<br \/>\n&nbsp;<\/p>\n","protected":false},"excerpt":{"rendered":"<p>&nbsp; No pr\u00f3ximo s\u00e1bado (17), termina a primeira fase do Campeonato Estadual de menores para o Osasco. O time osasquense<\/p>\n","protected":false},"author":1,"featured_media":7002,"comment_status":"closed","ping_status":"open","sticky":false,"template":"","format":"standard","meta":{"footnotes":""},"categories":[8,33],"tags":[123,346,975,1377,1643,1792,1793,1835,2179,2183],"class_list":["post-7001","post","type-post","status-publish","format-standard","has-post-thumbnail","hentry","category-estadual-base-a1","category-menores","tag-a1","tag-baixada-santista","tag-estadual","tag-jabaquara","tag-menores-2","tag-osasco","tag-osasquenses","tag-paulista","tag-santistas","tag-santos"],"_links":{"self":[{"href":"https:\/\/www.federacaopaulistadefutsal.com.br\/novo\/wp-json\/wp\/v2\/posts\/7001","targetHints":{"allow":["GET"]}}],"collection":[{"href":"https:\/\/www.federacaopaulistadefutsal.com.br\/novo\/wp-json\/wp\/v2\/posts"}],"about":[{"href":"https:\/\/www.federacaopaulistadefutsal.com.br\/novo\/wp-json\/wp\/v2\/types\/post"}],"author":[{"embeddable":true,"href":"https:\/\/www.federacaopaulistadefutsal.com.br\/novo\/wp-json\/wp\/v2\/users\/1"}],"replies":[{"embeddable":true,"href":"https:\/\/www.federacaopaulistadefutsal.com.br\/novo\/wp-json\/wp\/v2\/comments?post=7001"}],"version-history":[{"count":0,"href":"https:\/\/www.federacaopaulistadefutsal.com.br\/novo\/wp-json\/wp\/v2\/posts\/7001\/revisions"}],"wp:featuredmedia":[{"embeddable":true,"href":"https:\/\/www.federacaopaulistadefutsal.com.br\/novo\/wp-json\/"}],"wp:attachment":[{"href":"https:\/\/www.federacaopaulistadefutsal.com.br\/novo\/wp-json\/wp\/v2\/media?parent=7001"}],"wp:term":[{"taxonomy":"category","embeddable":true,"href":"https:\/\/www.federacaopaulistadefutsal.com.br\/novo\/wp-json\/wp\/v2\/categories?post=7001"},{"taxonomy":"post_tag","embeddable":true,"href":"https:\/\/www.federacaopaulistadefutsal.com.br\/novo\/wp-json\/wp\/v2\/tags?post=7001"}],"curies":[{"name":"wp","href":"https:\/\/api.w.org\/{rel}","templated":true}]}}