{"id":7021,"date":"2015-10-16T13:00:42","date_gmt":"2015-10-16T13:00:42","guid":{"rendered":"http:\/\/www.federacaopaulistadefutsal.com.br\/?p=7021"},"modified":"2015-10-16T13:00:42","modified_gmt":"2015-10-16T13:00:42","slug":"jogadores-da-a-a-fib-participam-de-evento-social-em-bauru-sp","status":"publish","type":"post","link":"https:\/\/www.federacaopaulistadefutsal.com.br\/novo\/jogadores-da-a-a-fib-participam-de-evento-social-em-bauru-sp\/","title":{"rendered":"Jogadores da A.A. FIB participam de evento social em Bauru-SP"},"content":{"rendered":"<p class=\"western\" align=\"JUSTIFY\">Classificada para a segunda fase da Copa Paulista, a equipe adulta da Associa\u00e7\u00e3o Atl\u00e9tica FIB participa, no pr\u00f3ximo\u00a0s\u00e1bado (17), de um evento solid\u00e1rio para incentivar a pr\u00e1tica de esportes entre jovens e crian\u00e7as no Residencial Villaggio 2, no munic\u00edpio de Bauru-SP. A a\u00e7\u00e3o tamb\u00e9m envolve as equipes sub-10 e sub-12, que disputaram a S\u00e9rie A3 do Campeonato Paulista, promovida pela Federa\u00e7\u00e3o Paulista de Futebol de Sal\u00e3o (FPFS).<\/p>\n<p class=\"western\" align=\"JUSTIFY\">A programa\u00e7\u00e3o do &#8220;Villaggio Solid\u00e1rio&#8221; vai al\u00e9m do futsal e ter\u00e1 in\u00edcio \u00e0s 16h00, com um passeio de trator pelas ruas internas do condom\u00ednio, seguido de uma aula de zumba, que ir\u00e1 reunir pais e filhos. \u00c0s 17h00, acontece uma aula de demonstra\u00e7\u00e3o de karat\u00ea para adultos e crian\u00e7as (homens\/mulheres e meninos\/meninas).<\/p>\n<p class=\"western\" align=\"JUSTIFY\">Em seguida, \u00e0s 18h00, as equipes sub-10 e 12 da A.A. FIB enfrentam os times do Projeto Esporte Feliz e uma sele\u00e7\u00e3o de crian\u00e7as do Residencial Villaggio 2; ap\u00f3s a partida, haver\u00e1 coquetel de confraterniza\u00e7\u00e3o entre os participantes. A equipe principal do time bauruense entra\u00a0em quadra \u00e0s 19h00\u00a0para realizar um jogo-treino\u00a0e,\u00a0depois, encara um selecionado de moradores do condom\u00ednio.<\/p>\n<p class=\"western\" align=\"JUSTIFY\">Para participar do &#8220;Villagio Solid\u00e1rio&#8221;, os cond\u00f4minos dever\u00e3o\u00a0doar\u00a0uma lata de leite em p\u00f3 (por participante), e o montante arrecadado ser\u00e1\u00a0encaminhado\u00a0para entidades assistenciais de Bauru-SP. <strong>&#8220;Al\u00e9m de promover mais uma vez a solidariedade entre os moradores, queremos incentivar que nossos jovens se desenvolvam para o esporte, pois acreditamos que esse seja o caminho para n\u00e3o seguirem caminhos incorretos&#8221;,<\/strong> destacou Marcelo Sponton Rasi, diretor administrativo e financeiro do Residencial Villaggio 2.<\/p>\n<p class=\"western\" align=\"JUSTIFY\"><strong>&#8220;Com os atletas da equipe principal participando da a\u00e7\u00e3o, conseguimos difundir ainda mais o esporte como forma de transforma\u00e7\u00e3o social. E, aqui na A.A. FIB, todos os atletas recebem bolsas de estudos para o ensino superior, porque nossa preocupa\u00e7\u00e3o n\u00e3o \u00e9 apenas em formar jogadores, mas sim cidad\u00e3os que possam continuar difundindo o esporte como uma oportunidade de transforma\u00e7\u00e3o&#8221;,<\/strong> disse Jos\u00e9 Ranieri Neto, presidente da A.A. FIB.<\/p>\n<p class=\"western\" align=\"JUSTIFY\">Por Assessoria FPFS<\/p>\n<p class=\"western\" align=\"JUSTIFY\">Com informa\u00e7\u00f5es e foto: Rafael Peloso\/A.A. FIB<\/p>\n","protected":false},"excerpt":{"rendered":"<p>Classificada para a segunda fase da Copa Paulista, a equipe adulta da Associa\u00e7\u00e3o Atl\u00e9tica FIB participa, no pr\u00f3ximo\u00a0s\u00e1bado (17), de<\/p>\n","protected":false},"author":1,"featured_media":7022,"comment_status":"closed","ping_status":"open","sticky":false,"template":"","format":"standard","meta":{"footnotes":""},"categories":[25,32,33],"tags":[99,367,369,750,970,997,1131,1156,1334,1449,1575,1643,1978,2318,2459],"class_list":["post-7021","post","type-post","status-publish","format-standard","has-post-thumbnail","hentry","category-destaques","category-maiores","category-menores","tag-a-a-fib","tag-bauru","tag-bauruenses","tag-criancas","tag-esportes","tag-evento","tag-futsal","tag-futuro","tag-interior","tag-jovens","tag-maiores","tag-menores-2","tag-principal","tag-social","tag-time"],"_links":{"self":[{"href":"https:\/\/www.federacaopaulistadefutsal.com.br\/novo\/wp-json\/wp\/v2\/posts\/7021","targetHints":{"allow":["GET"]}}],"collection":[{"href":"https:\/\/www.federacaopaulistadefutsal.com.br\/novo\/wp-json\/wp\/v2\/posts"}],"about":[{"href":"https:\/\/www.federacaopaulistadefutsal.com.br\/novo\/wp-json\/wp\/v2\/types\/post"}],"author":[{"embeddable":true,"href":"https:\/\/www.federacaopaulistadefutsal.com.br\/novo\/wp-json\/wp\/v2\/users\/1"}],"replies":[{"embeddable":true,"href":"https:\/\/www.federacaopaulistadefutsal.com.br\/novo\/wp-json\/wp\/v2\/comments?post=7021"}],"version-history":[{"count":0,"href":"https:\/\/www.federacaopaulistadefutsal.com.br\/novo\/wp-json\/wp\/v2\/posts\/7021\/revisions"}],"wp:featuredmedia":[{"embeddable":true,"href":"https:\/\/www.federacaopaulistadefutsal.com.br\/novo\/wp-json\/"}],"wp:attachment":[{"href":"https:\/\/www.federacaopaulistadefutsal.com.br\/novo\/wp-json\/wp\/v2\/media?parent=7021"}],"wp:term":[{"taxonomy":"category","embeddable":true,"href":"https:\/\/www.federacaopaulistadefutsal.com.br\/novo\/wp-json\/wp\/v2\/categories?post=7021"},{"taxonomy":"post_tag","embeddable":true,"href":"https:\/\/www.federacaopaulistadefutsal.com.br\/novo\/wp-json\/wp\/v2\/tags?post=7021"}],"curies":[{"name":"wp","href":"https:\/\/api.w.org\/{rel}","templated":true}]}}