{"id":7047,"date":"2015-10-18T01:00:13","date_gmt":"2015-10-18T01:00:13","guid":{"rendered":"http:\/\/www.federacaopaulistadefutsal.com.br\/?p=7047"},"modified":"2015-10-18T01:00:13","modified_gmt":"2015-10-18T01:00:13","slug":"a-a-fib-comemora-classificacao-no-estadual-a3-sub-16-e-sucesso-de-acao-social","status":"publish","type":"post","link":"https:\/\/www.federacaopaulistadefutsal.com.br\/novo\/a-a-fib-comemora-classificacao-no-estadual-a3-sub-16-e-sucesso-de-acao-social\/","title":{"rendered":"A.A. FIB comemora classifica\u00e7\u00e3o no Estadual A3 sub-16 e sucesso de a\u00e7\u00e3o social"},"content":{"rendered":"<p class=\"western\" align=\"JUSTIFY\">A Associa\u00e7\u00e3o Atl\u00e9tica FIB teve dois motivos para comemorar neste s\u00e1bado (17): a classifica\u00e7\u00e3o para a semifinal na categoria sub-16 da S\u00e9rie A3 do Campeonato Paulista, promovida pela Federa\u00e7\u00e3o Paulista de Futebol de Sal\u00e3o (FPFS), e o sucesso na a\u00e7\u00e3o solid\u00e1ria realizada no Residencial Villaggio 2, no munic\u00edpio de Bauru-SP.<\/p>\n<p class=\"western\" align=\"JUSTIFY\">A classifica\u00e7\u00e3o da equipe sub-16 da A.A. FIB \u00e0 semifinal do Estadual veio ap\u00f3s um empate sem gols contra o SMEL\/Votuporanga, no gin\u00e1sio Duduz\u00e3o, no campus das Faculdades Integradas de Bauru (FIB). Os bauruenses venceram o primeiro confronto em Votuporanga-SP por 3 a 1 e ter\u00e3o o time da PM de Bilac como advers\u00e1rio por uma vaga na decis\u00e3o do Paulista A3.<\/p>\n<p class=\"western\" align=\"JUSTIFY\"><strong>&#8220;N\u00e3o estivemos em um dia feliz, mas conquistamos uma boa vit\u00f3ria no jogo de ida do mata-mata e jogamos de acordo com o regulamento&#8221;,<\/strong> analisou Everton Carvalho da Silva, o Alem\u00e3o, t\u00e9cnico da equipe sub-16 da A.A. FIB. <strong>&#8220;Nosso objetivo \u00e9 levantar a ta\u00e7a e teremos que bater dois rivais de qualidade para sermos campe\u00f5es&#8221;,<\/strong> completou o treinador. As datas dos jogos da semifinal ser\u00e3o\u00a0definidas pela FPFS.<\/p>\n<p class=\"western\" align=\"JUSTIFY\">Na a\u00e7\u00e3o solid\u00e1ria do Residencial Villaggio 2, as equipes sub-10 e 12 da A.A. FIB participaram de uma partida amistosa contra o time do Projeto Esporte Feliz, coordenado pela ex-jogadora de basquete Tininha, que tem passagens pela sele\u00e7\u00e3o brasileira e atuou ao lado de Hort\u00eancia. O elenco principal da equipe de Bauru-SP tamb\u00e9m jogou contra uma sele\u00e7\u00e3o de moradores do residencial.<\/p>\n<p class=\"western\" align=\"JUSTIFY\"><strong>&#8220;Em toda a\u00e7\u00e3o solid\u00e1ria no residencial, buscamos fazer uma intera\u00e7\u00e3o entre equipes de ponta do esporte bauruense e os cond\u00f4minos, que doaram latas de leite em p\u00f3, e desta vez foi a vez da equipe adulta da A.A. FIB, que participa do melhor campeonato estadual do Brasil&#8221;,<\/strong> enalteceu Marcelo Sponton Rasi, diretor administrativo e financeiro do Residencial Villaggio 2.<\/p>\n<p class=\"western\" align=\"JUSTIFY\">As latas de leite p\u00f3 arrecadadas durante o &#8220;Vill\u00e1gio Solid\u00e1rio&#8221; ser\u00e3o doadas para entidades assistenciais de Bauru-SP. <strong>&#8220;Estamos sempre dispostos em ajudar o pr\u00f3ximo, j\u00e1 participamos de um evento do Rotary e agora desta a\u00e7\u00e3o no Residencial Villagio 2. A sensa\u00e7\u00e3o \u00e9 indescrit\u00edvel e esperamos estar presentes em mais a\u00e7\u00f5es solid\u00e1rias&#8221;,<\/strong> afirmou Jos\u00e9 Ranieri Neto, presidente da A.A. FIB.<\/p>\n<p class=\"western\" align=\"JUSTIFY\">Por Assessoria FPFS<\/p>\n<p class=\"western\" align=\"JUSTIFY\">Com informa\u00e7\u00f5es e foto: Rafael Peloso\/A.A. FIB<\/p>\n","protected":false},"excerpt":{"rendered":"<p>A Associa\u00e7\u00e3o Atl\u00e9tica FIB teve dois motivos para comemorar neste s\u00e1bado (17): a classifica\u00e7\u00e3o para a semifinal na categoria sub-16<\/p>\n","protected":false},"author":1,"featured_media":7048,"comment_status":"closed","ping_status":"open","sticky":false,"template":"","format":"standard","meta":{"footnotes":""},"categories":[20,29,32,33],"tags":[99,125,149,367,369,611,975,1643,2318,2592],"class_list":["post-7047","post","type-post","status-publish","format-standard","has-post-thumbnail","hentry","category-a3-estadual-menores","category-interior","category-maiores","category-menores","tag-a-a-fib","tag-a3","tag-acao","tag-bauru","tag-bauruenses","tag-classificacao","tag-estadual","tag-menores-2","tag-social","tag-villagio"],"_links":{"self":[{"href":"https:\/\/www.federacaopaulistadefutsal.com.br\/novo\/wp-json\/wp\/v2\/posts\/7047","targetHints":{"allow":["GET"]}}],"collection":[{"href":"https:\/\/www.federacaopaulistadefutsal.com.br\/novo\/wp-json\/wp\/v2\/posts"}],"about":[{"href":"https:\/\/www.federacaopaulistadefutsal.com.br\/novo\/wp-json\/wp\/v2\/types\/post"}],"author":[{"embeddable":true,"href":"https:\/\/www.federacaopaulistadefutsal.com.br\/novo\/wp-json\/wp\/v2\/users\/1"}],"replies":[{"embeddable":true,"href":"https:\/\/www.federacaopaulistadefutsal.com.br\/novo\/wp-json\/wp\/v2\/comments?post=7047"}],"version-history":[{"count":0,"href":"https:\/\/www.federacaopaulistadefutsal.com.br\/novo\/wp-json\/wp\/v2\/posts\/7047\/revisions"}],"wp:featuredmedia":[{"embeddable":true,"href":"https:\/\/www.federacaopaulistadefutsal.com.br\/novo\/wp-json\/"}],"wp:attachment":[{"href":"https:\/\/www.federacaopaulistadefutsal.com.br\/novo\/wp-json\/wp\/v2\/media?parent=7047"}],"wp:term":[{"taxonomy":"category","embeddable":true,"href":"https:\/\/www.federacaopaulistadefutsal.com.br\/novo\/wp-json\/wp\/v2\/categories?post=7047"},{"taxonomy":"post_tag","embeddable":true,"href":"https:\/\/www.federacaopaulistadefutsal.com.br\/novo\/wp-json\/wp\/v2\/tags?post=7047"}],"curies":[{"name":"wp","href":"https:\/\/api.w.org\/{rel}","templated":true}]}}