{"id":7075,"date":"2015-10-20T00:26:30","date_gmt":"2015-10-20T00:26:30","guid":{"rendered":"http:\/\/www.federacaopaulistadefutsal.com.br\/?p=7075"},"modified":"2015-10-20T00:26:30","modified_gmt":"2015-10-20T00:26:30","slug":"apos-classificacao-na-copa-paulista-elenco-da-a-a-fib-retorna-aos-treinos","status":"publish","type":"post","link":"https:\/\/www.federacaopaulistadefutsal.com.br\/novo\/apos-classificacao-na-copa-paulista-elenco-da-a-a-fib-retorna-aos-treinos\/","title":{"rendered":"Ap\u00f3s classifica\u00e7\u00e3o na Copa Paulista, elenco da A.A. FIB retorna aos treinos"},"content":{"rendered":"<p>&nbsp;<\/p>\n<p class=\"western\" align=\"JUSTIFY\"><span style=\"font-size: medium;\">Ap\u00f3s classifica\u00e7\u00e3o \u00e0 segunda fase da Copa Paulista, conquistada a quatro segundos do fim da partida contra o Gr\u00eamio Mogiano, na \u00faltima quarta-feira (14), em Mogi das Cruzes-SP, o elenco principal da Associa\u00e7\u00e3o Atl\u00e9tica FIB retornou aos treinos nesta segunda-feira (19), no gin\u00e1sio Duduz\u00e3o, no campus das Faculdades Integradas de Bauru (FIB). A programa\u00e7\u00e3o segue com atividades em dois per\u00edodos:\u00a0\u00e0s 11h40 e \u00e0s 16h00, at\u00e9 sexta-feira (23).<\/span><\/p>\n<p class=\"western\" align=\"JUSTIFY\"><span style=\"font-size: medium;\"><strong>&#8220;Tivemos um jogo muito tenso e desgastante na vit\u00f3ria por 2 a 1 diante do Gr\u00eamio Mogiano e conseguimos alcan\u00e7ar nosso objetivo, que era a classifica\u00e7\u00e3o \u00e0 segunda fase. As datas dos pr\u00f3ximos jogos ainda n\u00e3o foram definidas, por isso, os jogadores ganharam um tempo a mais para comemorar ao lado da fam\u00edlia&#8221;,<\/strong> justificou o t\u00e9cnico da equipe de Bauru-SP, Everton Carvalho da Silva, o Alem\u00e3o.<\/span><\/p>\n<p class=\"western\" align=\"JUSTIFY\"><span style=\"font-size: medium;\">Ainda faltam cinco partidas para o encerramento da primeira fase da Copa Paulista e a \u00fanica defini\u00e7\u00e3o que a A.A. FIB tem \u00e9 a posi\u00e7\u00e3o final na tabela de classifica\u00e7\u00e3o da chave A. Com a mesma pontua\u00e7\u00e3o do Gr\u00eamio Mogiano, 7 pontos, os bauruenses ficaram com o quarto posto, devido aos crit\u00e9rios de desempate; os mogianos garantiram a terceira coloca\u00e7\u00e3o. O Pulo do Gato, com 9 pontos, a segunda, e o\u00a0Taubat\u00e9, com 12 pontos, foi o primeiro colocado.\u00a0<\/span><\/p>\n<p class=\"western\" align=\"JUSTIFY\"><span style=\"font-size: medium;\"><strong>&#8220;A quarta posi\u00e7\u00e3o foi definida por um gol, se tiv\u00e9ssemos marcado um gol a mais ou sofrido um gol a menos, estar\u00edamos em terceiro, no entanto, n\u00e3o temos que lamentar e sim comemorar, porque nos classificamos em meio a um processo de reconstru\u00e7\u00e3o da equipe que come\u00e7ou h\u00e1 apenas tr\u00eas meses&#8221;,<\/strong> disse Alem\u00e3o.<strong> &#8220;Independente do advers\u00e1rio na segunda fase, vamos entrar em quadra e fazer nosso melhor para vencer&#8221;,<\/strong> garantiu o treinador da A.A. FIB.<\/span><\/p>\n<p class=\"western\" align=\"JUSTIFY\"><span style=\"font-size: medium;\">Na chave B da Copa Paulista, que re\u00fane sete equipes, ainda est\u00e3o na briga pela classifica\u00e7\u00e3o: A.D. Yoka\/Guaratinguet\u00e1, S\u00e3o Caetano Futsal, ADC Intelli\/Orl\u00e2ndia, S\u00e3o Paulo F.C.\/S\u00e3o Bernardo, S\u00e3o Jos\u00e9 e Itapeva\/II Ex\u00e9rcito Osasco; apenas o Jacare\u00ed Futsal n\u00e3o tem mais chances de avan\u00e7ar.<\/span><\/p>\n<p class=\"western\" align=\"JUSTIFY\">Por Assessoria FPFS<\/p>\n<p class=\"western\" align=\"JUSTIFY\">Com informa\u00e7\u00f5es e foto: Rafael Peloso\/A.A. FIB<\/p>\n","protected":false},"excerpt":{"rendered":"<p>&nbsp; Ap\u00f3s classifica\u00e7\u00e3o \u00e0 segunda fase da Copa Paulista, conquistada a quatro segundos do fim da partida contra o Gr\u00eamio<\/p>\n","protected":false},"author":1,"featured_media":7078,"comment_status":"closed","ping_status":"open","sticky":false,"template":"","format":"standard","meta":{"footnotes":""},"categories":[23,29,32],"tags":[99,196,367,369,718,1680,2106,2488,2491],"class_list":["post-7075","post","type-post","status-publish","format-standard","has-post-thumbnail","hentry","category-copa-paulista","category-interior","category-maiores","tag-a-a-fib","tag-alemao","tag-bauru","tag-bauruenses","tag-copa-paulista","tag-mogiano","tag-retorno","tag-treinamento","tag-treinos"],"_links":{"self":[{"href":"https:\/\/www.federacaopaulistadefutsal.com.br\/novo\/wp-json\/wp\/v2\/posts\/7075","targetHints":{"allow":["GET"]}}],"collection":[{"href":"https:\/\/www.federacaopaulistadefutsal.com.br\/novo\/wp-json\/wp\/v2\/posts"}],"about":[{"href":"https:\/\/www.federacaopaulistadefutsal.com.br\/novo\/wp-json\/wp\/v2\/types\/post"}],"author":[{"embeddable":true,"href":"https:\/\/www.federacaopaulistadefutsal.com.br\/novo\/wp-json\/wp\/v2\/users\/1"}],"replies":[{"embeddable":true,"href":"https:\/\/www.federacaopaulistadefutsal.com.br\/novo\/wp-json\/wp\/v2\/comments?post=7075"}],"version-history":[{"count":0,"href":"https:\/\/www.federacaopaulistadefutsal.com.br\/novo\/wp-json\/wp\/v2\/posts\/7075\/revisions"}],"wp:featuredmedia":[{"embeddable":true,"href":"https:\/\/www.federacaopaulistadefutsal.com.br\/novo\/wp-json\/"}],"wp:attachment":[{"href":"https:\/\/www.federacaopaulistadefutsal.com.br\/novo\/wp-json\/wp\/v2\/media?parent=7075"}],"wp:term":[{"taxonomy":"category","embeddable":true,"href":"https:\/\/www.federacaopaulistadefutsal.com.br\/novo\/wp-json\/wp\/v2\/categories?post=7075"},{"taxonomy":"post_tag","embeddable":true,"href":"https:\/\/www.federacaopaulistadefutsal.com.br\/novo\/wp-json\/wp\/v2\/tags?post=7075"}],"curies":[{"name":"wp","href":"https:\/\/api.w.org\/{rel}","templated":true}]}}