{"id":7093,"date":"2015-10-20T16:20:42","date_gmt":"2015-10-20T16:20:42","guid":{"rendered":"http:\/\/www.federacaopaulistadefutsal.com.br\/?p=7093"},"modified":"2015-10-20T16:20:42","modified_gmt":"2015-10-20T16:20:42","slug":"orlandia-anuncia-venda-de-ingressos-para-partida-contra-assoeva","status":"publish","type":"post","link":"https:\/\/www.federacaopaulistadefutsal.com.br\/novo\/orlandia-anuncia-venda-de-ingressos-para-partida-contra-assoeva\/","title":{"rendered":"Orl\u00e2ndia anuncia venda de ingressos para partida contra Assoeva"},"content":{"rendered":"<p>&nbsp;<br \/>\nNesta ter\u00e7a-feira (20), os ingressos para a segunda partida entre ADC Intelli\/Orl\u00e2ndia e Assoeva, v\u00e1lida pelas quartas de final da Liga Nacional de Futsal (LNF), come\u00e7aram a ser vendidos. De acordo com a assessoria de imprensa do time orlandino, as vendas acontecem na loja oficial do Orl\u00e2ndia, a &#8220;ADC Intelli Store&#8221;, das 09h00 \u00e0s 17h00.<br \/>\nOs ingressos para o duelo entre paulistas e ga\u00fachos ser\u00e3o comercializados a R$ 10,00 reais e, quem adquiri-los, concorre \u00e0 camisa azul da Intelli, autografada por todos os jogadores do elenco.<br \/>\n<strong>Posto de venda &#8211;\u00a0<\/strong>ADC Intelli Store &#8211; Avenida 11, 731, centro &#8211; Orl\u00e2ndia-SP.<strong>\u00a0\u00a0<\/strong><br \/>\n<strong>Para mais informa\u00e7\u00f5es\u00a0&#8211; <\/strong>telefone:<strong>\u00a0<\/strong>(16) 3826-8797.<br \/>\n<strong>OBSERVA\u00c7\u00c3O! &#8211; <\/strong>O SORTEIO DA CAMISA ACONTECE NA QUARTA-FEIRA (27\/10), PORTANTO, O COMPRADOR DEVE GUARDAR SEU INGRESSO, QUE SERVIR\u00c1 COMO CUPOM DO SORTEIO, POSTERIORMENTE.<br \/>\nNo primeiro confronto entre as equipes, o Orl\u00e2ndia bateu a Assoeva, fora de casa, por goleada de 4 a 0. A partida da volta acontece no pr\u00f3ximo s\u00e1bado (24), no gin\u00e1sio Maur\u00edcio Leite de Moraes, casa do time orlandino.<br \/>\n&nbsp;<br \/>\nPor Assessoria FPFS<br \/>\nCom informa\u00e7\u00f5es: Carlos Silva\/ADC Intelli<br \/>\nArte: Divulga\u00e7\u00e3o\/ADC Intelli<br \/>\n&nbsp;<\/p>\n","protected":false},"excerpt":{"rendered":"<p>&nbsp; Nesta ter\u00e7a-feira (20), os ingressos para a segunda partida entre ADC Intelli\/Orl\u00e2ndia e Assoeva, v\u00e1lida pelas quartas de final<\/p>\n","protected":false},"author":1,"featured_media":7094,"comment_status":"closed","ping_status":"open","sticky":false,"template":"","format":"standard","meta":{"footnotes":""},"categories":[29,30,32],"tags":[294,338,459,1178,1312,1323,1418,1546,1551,1709,1789,1791,2013,2570,2608],"class_list":["post-7093","post","type-post","status-publish","format-standard","has-post-thumbnail","hentry","category-interior","category-liga-nacional-de-futsal","category-maiores","tag-assoeva","tag-azul","tag-camisa","tag-gauchos","tag-ingressos","tag-intelli","tag-jogo","tag-lnf","tag-loja","tag-nacional","tag-orlandia","tag-orlandinos","tag-quartas-de-final","tag-vendas","tag-volta"],"_links":{"self":[{"href":"https:\/\/www.federacaopaulistadefutsal.com.br\/novo\/wp-json\/wp\/v2\/posts\/7093","targetHints":{"allow":["GET"]}}],"collection":[{"href":"https:\/\/www.federacaopaulistadefutsal.com.br\/novo\/wp-json\/wp\/v2\/posts"}],"about":[{"href":"https:\/\/www.federacaopaulistadefutsal.com.br\/novo\/wp-json\/wp\/v2\/types\/post"}],"author":[{"embeddable":true,"href":"https:\/\/www.federacaopaulistadefutsal.com.br\/novo\/wp-json\/wp\/v2\/users\/1"}],"replies":[{"embeddable":true,"href":"https:\/\/www.federacaopaulistadefutsal.com.br\/novo\/wp-json\/wp\/v2\/comments?post=7093"}],"version-history":[{"count":0,"href":"https:\/\/www.federacaopaulistadefutsal.com.br\/novo\/wp-json\/wp\/v2\/posts\/7093\/revisions"}],"wp:featuredmedia":[{"embeddable":true,"href":"https:\/\/www.federacaopaulistadefutsal.com.br\/novo\/wp-json\/"}],"wp:attachment":[{"href":"https:\/\/www.federacaopaulistadefutsal.com.br\/novo\/wp-json\/wp\/v2\/media?parent=7093"}],"wp:term":[{"taxonomy":"category","embeddable":true,"href":"https:\/\/www.federacaopaulistadefutsal.com.br\/novo\/wp-json\/wp\/v2\/categories?post=7093"},{"taxonomy":"post_tag","embeddable":true,"href":"https:\/\/www.federacaopaulistadefutsal.com.br\/novo\/wp-json\/wp\/v2\/tags?post=7093"}],"curies":[{"name":"wp","href":"https:\/\/api.w.org\/{rel}","templated":true}]}}