{"id":7181,"date":"2015-10-24T01:00:12","date_gmt":"2015-10-24T01:00:12","guid":{"rendered":"http:\/\/www.federacaopaulistadefutsal.com.br\/?p=7181"},"modified":"2015-10-24T01:00:12","modified_gmt":"2015-10-24T01:00:12","slug":"sao-jose-encerra-participacao-na-fase-de-grupos-com-derrota-equipe-encara-taubate-nas-quartas","status":"publish","type":"post","link":"https:\/\/www.federacaopaulistadefutsal.com.br\/novo\/sao-jose-encerra-participacao-na-fase-de-grupos-com-derrota-equipe-encara-taubate-nas-quartas\/","title":{"rendered":"S\u00e3o Jos\u00e9 encerra participa\u00e7\u00e3o na fase de grupos com derrota; equipe encara Taubat\u00e9 nas quartas"},"content":{"rendered":"<p>&nbsp;<\/p>\n<p class=\"western\">Nesta sexta-feira (23), jogando no gin\u00e1sio do T\u00eanis Clube, o S\u00e3o Jos\u00e9 Futsal perdeu para a A.D. Yoka pelo placar de 3 a 2. Mesmo com a derrota na \u00faltima rodada da fase de grupos da Copa Paulista, os joseenses encaram o Taubat\u00e9 nas quartas de final da competi\u00e7\u00e3o, em cl\u00e1ssico do Vale do Para\u00edba.<\/p>\n<p class=\"western\">Apesar de ambas as equipes atacarem e finalizarem constantemente, os gols aconteceram no segundo tempo. Jogando no contra-ataque, o time guaratinguetaense abriu o placar ap\u00f3s tabela r\u00e1pida e chute, que contou com desvio de Victor Mello, do S\u00e3o Jos\u00e9, fazendo gol contra: 0 a 1. Dois minutos mais tarde, os joseenses empataram: Betinho bateu, a bola resvalou nas duas traves laterais e voltou para o p\u00e9 do pr\u00f3prio camisa 10, que finalizou para o fundo da rede: 1 a 1.<\/p>\n<p class=\"western\">Por\u00e9m, mesmo empatando o placar, os joseenses vacilaram defensivamente e, por conta disso, levaram o segundo em jogada de tiro livre: 1 a 2. Para responder aos visitantes, o time do Vale do Para\u00edba colocou goleiro-linha em quadra mas, novamente, a A.D. Yoka ampliou em r\u00e1pido contra-ataque: 1 a 3; o S\u00e3o Jos\u00e9 ainda diminuiu com Victor Mello, que chutou de fora da \u00e1rea, mas j\u00e1 era tarde: 2 a 3.<\/p>\n<p class=\"western\">\n<p class=\"western\">Por Assessoria FPFS<\/p>\n<p class=\"western\">Com informa\u00e7\u00f5es: Brenno Domingues\/Quarttus Marketing<\/p>\n<p class=\"western\">Foto: Divulga\u00e7\u00e3o\/Quarttus Marketing<\/p>\n","protected":false},"excerpt":{"rendered":"<p>&nbsp; Nesta sexta-feira (23), jogando no gin\u00e1sio do T\u00eanis Clube, o S\u00e3o Jos\u00e9 Futsal perdeu para a A.D. Yoka pelo<\/p>\n","protected":false},"author":1,"featured_media":7182,"comment_status":"closed","ping_status":"open","sticky":false,"template":"","format":"standard","meta":{"footnotes":""},"categories":[23,32],"tags":[334,718,807,1240,1556,1964,1993,2013,2198,2414,2631],"class_list":["post-7181","post","type-post","status-publish","format-standard","has-post-thumbnail","hentry","category-copa-paulista","category-maiores","tag-avancou","tag-copa-paulista","tag-derrota","tag-guaratingueta","tag-lpf","tag-primeira-fase","tag-proxima-fase","tag-quartas-de-final","tag-sao-jose","tag-taubate","tag-yoka"],"_links":{"self":[{"href":"https:\/\/www.federacaopaulistadefutsal.com.br\/novo\/wp-json\/wp\/v2\/posts\/7181","targetHints":{"allow":["GET"]}}],"collection":[{"href":"https:\/\/www.federacaopaulistadefutsal.com.br\/novo\/wp-json\/wp\/v2\/posts"}],"about":[{"href":"https:\/\/www.federacaopaulistadefutsal.com.br\/novo\/wp-json\/wp\/v2\/types\/post"}],"author":[{"embeddable":true,"href":"https:\/\/www.federacaopaulistadefutsal.com.br\/novo\/wp-json\/wp\/v2\/users\/1"}],"replies":[{"embeddable":true,"href":"https:\/\/www.federacaopaulistadefutsal.com.br\/novo\/wp-json\/wp\/v2\/comments?post=7181"}],"version-history":[{"count":0,"href":"https:\/\/www.federacaopaulistadefutsal.com.br\/novo\/wp-json\/wp\/v2\/posts\/7181\/revisions"}],"wp:featuredmedia":[{"embeddable":true,"href":"https:\/\/www.federacaopaulistadefutsal.com.br\/novo\/wp-json\/"}],"wp:attachment":[{"href":"https:\/\/www.federacaopaulistadefutsal.com.br\/novo\/wp-json\/wp\/v2\/media?parent=7181"}],"wp:term":[{"taxonomy":"category","embeddable":true,"href":"https:\/\/www.federacaopaulistadefutsal.com.br\/novo\/wp-json\/wp\/v2\/categories?post=7181"},{"taxonomy":"post_tag","embeddable":true,"href":"https:\/\/www.federacaopaulistadefutsal.com.br\/novo\/wp-json\/wp\/v2\/tags?post=7181"}],"curies":[{"name":"wp","href":"https:\/\/api.w.org\/{rel}","templated":true}]}}