{"id":7219,"date":"2015-10-27T13:17:21","date_gmt":"2015-10-27T13:17:21","guid":{"rendered":"http:\/\/www.federacaopaulistadefutsal.com.br\/?p=7219"},"modified":"2015-10-27T13:17:21","modified_gmt":"2015-10-27T13:17:21","slug":"pelas-quartas-do-estadual-sub-20-osasco-perde-para-juventude-armenia-e-esta-eliminado","status":"publish","type":"post","link":"https:\/\/www.federacaopaulistadefutsal.com.br\/novo\/pelas-quartas-do-estadual-sub-20-osasco-perde-para-juventude-armenia-e-esta-eliminado\/","title":{"rendered":"Pelas quartas do Estadual sub-20, Osasco perde para Juventude Arm\u00eania e est\u00e1 eliminado"},"content":{"rendered":"<p>&nbsp;<br \/>\nApesar da vantagem do empate conquistada na partida de ida das quartas de final do Estadual sub-20 e, mesmo diante de sua torcida, o Osasco perdeu para a Juventude Arm\u00eania\/Elite Itaquerense e est\u00e1 eliminado da competi\u00e7\u00e3o. A partida terminou com goleada de 4 a 1 para os visitantes no tempo normal e, na prorroga\u00e7\u00e3o, vit\u00f3ria por 1 a 0; resultados que aconteceram na \u00faltima segunda-feira (26), no gin\u00e1sio Sebasti\u00e3o Rafael da Silva, o &#8220;Geod\u00e9sico&#8221;.<br \/>\nDe acordo com a comiss\u00e3o t\u00e9cnica do time osasquense, o Elite Itaquerense jogou melhor e, sabendo aproveitar as oportunidades, venceu\u00a0com facilidade o duelo contra os donos da casa. Andr\u00e9, que j\u00e1 vestiu a camisa do Osasco, foi o melhor jogador em quadra e marcou tr\u00eas gols para a Juventude Arm\u00eania. Ericles e Anderson tamb\u00e9m foram para a rede, fazendo para os visitantes; Saad fez o gol de &#8220;honra&#8221; da equipe mandante.<br \/>\n<strong>&#8220;N\u00e3o jogamos bem e o Elite mereceu a vit\u00f3ria. Fizemos uma boa competi\u00e7\u00e3o, terminamos a fase de classifica\u00e7\u00e3o em segundo lugar; mas hoje n\u00e3o tivemos um bom dia. Agora, \u00e9 planejar o trabalho para a pr\u00f3xima temporada&#8221;,<\/strong> comentou Vitor Peres, preparador f\u00edsico do Osasco.<br \/>\nPelo Estadual sub-20, o time osasquense encerra sua participa\u00e7\u00e3o nas quartas de final do torneio e, na primeira fase, conseguiu a vice-lideran\u00e7a da competi\u00e7\u00e3o, terminando com 42 pontos: 13 vit\u00f3rias, 3 empates e 4 derrotas.<br \/>\n&nbsp;<br \/>\nPor Assessoria FPFS<br \/>\nCom informa\u00e7\u00f5es e foto: Ana Luisa Rodrigues\/SEREL de Osasco-SP<br \/>\n&nbsp;<br \/>\n&nbsp;<br \/>\n&nbsp;<\/p>\n","protected":false},"excerpt":{"rendered":"<p>&nbsp; Apesar da vantagem do empate conquistada na partida de ida das quartas de final do Estadual sub-20 e, mesmo<\/p>\n","protected":false},"author":1,"featured_media":7221,"comment_status":"closed","ping_status":"open","sticky":false,"template":"","format":"standard","meta":{"footnotes":""},"categories":[11,32],"tags":[648,913,920,975,1182,1461,1575,1792,1793,2013,2352],"class_list":["post-7219","post","type-post","status-publish","format-standard","has-post-thumbnail","hentry","category-estadual-sub-20","category-maiores","tag-competicao","tag-eliminacao","tag-elite-itaquerense","tag-estadual","tag-geodesico","tag-juventude-armenia","tag-maiores","tag-osasco","tag-osasquenses","tag-quartas-de-final","tag-sub-20"],"_links":{"self":[{"href":"https:\/\/www.federacaopaulistadefutsal.com.br\/novo\/wp-json\/wp\/v2\/posts\/7219","targetHints":{"allow":["GET"]}}],"collection":[{"href":"https:\/\/www.federacaopaulistadefutsal.com.br\/novo\/wp-json\/wp\/v2\/posts"}],"about":[{"href":"https:\/\/www.federacaopaulistadefutsal.com.br\/novo\/wp-json\/wp\/v2\/types\/post"}],"author":[{"embeddable":true,"href":"https:\/\/www.federacaopaulistadefutsal.com.br\/novo\/wp-json\/wp\/v2\/users\/1"}],"replies":[{"embeddable":true,"href":"https:\/\/www.federacaopaulistadefutsal.com.br\/novo\/wp-json\/wp\/v2\/comments?post=7219"}],"version-history":[{"count":0,"href":"https:\/\/www.federacaopaulistadefutsal.com.br\/novo\/wp-json\/wp\/v2\/posts\/7219\/revisions"}],"wp:featuredmedia":[{"embeddable":true,"href":"https:\/\/www.federacaopaulistadefutsal.com.br\/novo\/wp-json\/"}],"wp:attachment":[{"href":"https:\/\/www.federacaopaulistadefutsal.com.br\/novo\/wp-json\/wp\/v2\/media?parent=7219"}],"wp:term":[{"taxonomy":"category","embeddable":true,"href":"https:\/\/www.federacaopaulistadefutsal.com.br\/novo\/wp-json\/wp\/v2\/categories?post=7219"},{"taxonomy":"post_tag","embeddable":true,"href":"https:\/\/www.federacaopaulistadefutsal.com.br\/novo\/wp-json\/wp\/v2\/tags?post=7219"}],"curies":[{"name":"wp","href":"https:\/\/api.w.org\/{rel}","templated":true}]}}