{"id":7264,"date":"2015-10-29T14:30:03","date_gmt":"2015-10-29T14:30:03","guid":{"rendered":"http:\/\/www.federacaopaulistadefutsal.com.br\/?p=7264"},"modified":"2015-10-29T14:30:03","modified_gmt":"2015-10-29T14:30:03","slug":"craque-falcao-recuperado-de-lesao-retorna-contra-carlos-barbosa","status":"publish","type":"post","link":"https:\/\/www.federacaopaulistadefutsal.com.br\/novo\/craque-falcao-recuperado-de-lesao-retorna-contra-carlos-barbosa\/","title":{"rendered":"Craque Falc\u00e3o, recuperado de les\u00e3o, retorna contra Carlos Barbosa"},"content":{"rendered":"<p>&nbsp;<br \/>\nPara a partida contra o Carlos Barbosa, v\u00e1lida pela semifinal da Liga Nacional de Futsal (LNF) e que acontece na pr\u00f3xima sexta-feira (30), a partir das 19h30, o Sorocaba vai contar com um refor\u00e7o mais do que especial em quadra. Trata-se do craque Falc\u00e3o que, recuperado de les\u00e3o, est\u00e1 confirmado para defender as cores de sua equipe no primeiro jogo contra os ga\u00fachos, na Arena Alavanca.<br \/>\n<strong>&#8220;Passei por alguns m\u00e9dicos e as not\u00edcias s\u00e3o boas. Devo jogar na sexta-feira, sim&#8221;,<\/strong> disse o ala e camisa 12 do Sorocaba e sele\u00e7\u00e3o brasileira.<br \/>\nO &#8220;Rei do Futsal&#8221;, na atual temporada, desfalcou o time sorocabano em boa parte de seus confrontos, por conta de les\u00e3o no tend\u00e3o, localizada entre o joelho e a coxa esquerda. Nos \u00faltimos jogos da segunda fase, que anteciparam os playoffs da Liga Futsal, o \u00eddolo das quadras foi fundamental na classifica\u00e7\u00e3o da equipe do interior paulista \u00e0s quartas de final.<br \/>\nCampe\u00e3o nacional com o Sorocaba na LNF passada, o camisa 12 busca, juntamente com o time, chegar \u00e0 sua 11\u00aa decis\u00e3o na competi\u00e7\u00e3o, caso avance contra o Carlos Barbosa. Nas \u00faltimas dez edi\u00e7\u00f5es do principal torneio de futsal do Brasil, ele faturou nove t\u00edtulos.<br \/>\nO time do interior paulista recebe os ga\u00fachos amanh\u00e3,\u00a0sexta-feira (30), \u00e0s 19h30, na Arena Alavanca. Na partida de volta, os sorocabanos medir\u00e3o for\u00e7as contra a equipe do Sul no dia 15 de novembro, a partir das 13h00, no Centro Municipal de Eventos, em Carlos Barbosa-SP; Corinthians e Orl\u00e2ndia decidem a outra vaga \u00e0 grande final.<br \/>\n&nbsp;<br \/>\nPor Assessoria FPFS<br \/>\nCom informa\u00e7\u00f5es: GloboEsporte.com<br \/>\nFoto: Divulga\u00e7\u00e3o\/FutebolInterior.com.br<br \/>\n&nbsp;<br \/>\n&nbsp;<br \/>\n&nbsp;<br \/>\n&nbsp;<br \/>\n&nbsp;<\/p>\n","protected":false},"excerpt":{"rendered":"<p>&nbsp; Para a partida contra o Carlos Barbosa, v\u00e1lida pela semifinal da Liga Nacional de Futsal (LNF) e que acontece<\/p>\n","protected":false},"author":1,"featured_media":7265,"comment_status":"closed","ping_status":"open","sticky":false,"template":"","format":"standard","meta":{"footnotes":""},"categories":[25,30,32],"tags":[463,525,746,1019,1280,1334,1505,1517,1546,1709,2004,2049,2050,2106,2264,2328],"class_list":["post-7264","post","type-post","status-publish","format-standard","has-post-thumbnail","hentry","category-destaques","category-liga-nacional-de-futsal","category-maiores","tag-camisa-12","tag-carlos-barbosa","tag-craque","tag-falcao","tag-idolo","tag-interior","tag-lesao","tag-liga-futsal","tag-lnf","tag-nacional","tag-quadra","tag-recuperacao","tag-recuperado","tag-retorno","tag-semifinal","tag-sorocabanos"],"_links":{"self":[{"href":"https:\/\/www.federacaopaulistadefutsal.com.br\/novo\/wp-json\/wp\/v2\/posts\/7264","targetHints":{"allow":["GET"]}}],"collection":[{"href":"https:\/\/www.federacaopaulistadefutsal.com.br\/novo\/wp-json\/wp\/v2\/posts"}],"about":[{"href":"https:\/\/www.federacaopaulistadefutsal.com.br\/novo\/wp-json\/wp\/v2\/types\/post"}],"author":[{"embeddable":true,"href":"https:\/\/www.federacaopaulistadefutsal.com.br\/novo\/wp-json\/wp\/v2\/users\/1"}],"replies":[{"embeddable":true,"href":"https:\/\/www.federacaopaulistadefutsal.com.br\/novo\/wp-json\/wp\/v2\/comments?post=7264"}],"version-history":[{"count":0,"href":"https:\/\/www.federacaopaulistadefutsal.com.br\/novo\/wp-json\/wp\/v2\/posts\/7264\/revisions"}],"wp:featuredmedia":[{"embeddable":true,"href":"https:\/\/www.federacaopaulistadefutsal.com.br\/novo\/wp-json\/"}],"wp:attachment":[{"href":"https:\/\/www.federacaopaulistadefutsal.com.br\/novo\/wp-json\/wp\/v2\/media?parent=7264"}],"wp:term":[{"taxonomy":"category","embeddable":true,"href":"https:\/\/www.federacaopaulistadefutsal.com.br\/novo\/wp-json\/wp\/v2\/categories?post=7264"},{"taxonomy":"post_tag","embeddable":true,"href":"https:\/\/www.federacaopaulistadefutsal.com.br\/novo\/wp-json\/wp\/v2\/tags?post=7264"}],"curies":[{"name":"wp","href":"https:\/\/api.w.org\/{rel}","templated":true}]}}