{"id":7312,"date":"2015-11-02T22:30:24","date_gmt":"2015-11-02T22:30:24","guid":{"rendered":"http:\/\/www.federacaopaulistadefutsal.com.br\/?p=7312"},"modified":"2015-11-02T22:30:24","modified_gmt":"2015-11-02T22:30:24","slug":"apesar-de-feriado-a-a-fib-treina-visando-duelo-na-copa-paulista","status":"publish","type":"post","link":"https:\/\/www.federacaopaulistadefutsal.com.br\/novo\/apesar-de-feriado-a-a-fib-treina-visando-duelo-na-copa-paulista\/","title":{"rendered":"Apesar de feriado, A.A. FIB treina visando duelo na Copa Paulista"},"content":{"rendered":"<p>&nbsp;<\/p>\n<p class=\"western\" align=\"JUSTIFY\"><span style=\"font-size: medium;\">O feriado de Finados foi de muito trabalho para o elenco da Associa\u00e7\u00e3o Atl\u00e9tica FIB. Nesta segunda-feira (02), os jogadores treinaram em dois per\u00edodos no gin\u00e1sio Duduz\u00e3o, no campus das Faculdades Integradas de Bauru (FIB), visando o segundo confronto das quartas de final da Copa Paulista, contra a A.D. Yoka, de Guaratinguet\u00e1-SP.<\/span><\/p>\n<p class=\"western\" align=\"JUSTIFY\"><span style=\"font-size: medium;\"><strong>&#8220;S\u00f3 pensamos em alcan\u00e7ar a classifica\u00e7\u00e3o, n\u00e3o h\u00e1 outro pensamento no grupo e, se for preciso, vamos treinar at\u00e9 de madruga para conquistar a vaga na semifinal&#8221;,<\/strong> garantiu o ala L\u00e9o Mieli, que tem idade para disputar as competi\u00e7\u00f5es sub-20 e foi integrado ao elenco principal da A.A. FIB no segundo semestre.<\/span><\/p>\n<p class=\"western\" align=\"JUSTIFY\"><span style=\"font-size: medium;\">Precisando de uma vit\u00f3ria simples no tempo regulamentar ou na prorroga\u00e7\u00e3o para obterem a classifica\u00e7\u00e3o \u00e0 semifinal, os bauruenses aprimoraram as jogadas de goleiro-linha, que originou o gol da A.A. FIB contra o time guaratinguetaense\u00a0no empate em 1 a 1 na primeira partida do mata-mata, disputada em Bauru-SP.<\/span><\/p>\n<p class=\"western\" align=\"JUSTIFY\"><span style=\"font-size: medium;\"><strong>&#8220;Fizemos nos treinos as duas situa\u00e7\u00f5es do goleiro-linha, tanto as jogadas de ataque quanto a marca\u00e7\u00e3o sobre press\u00e3o para aplicarmos contra os advers\u00e1rios no caso da op\u00e7\u00e3o por esse tipo de jogada&#8221;,<\/strong> detalhou Everton Carvalho da Silva, o Alem\u00e3o, t\u00e9cnico da A.A. FIB, que tem a companhia do irm\u00e3o Elton Carvalho na comiss\u00e3o t\u00e9cnica. \u00a0\u00a0<\/span><\/p>\n<p class=\"western\" align=\"JUSTIFY\"><span style=\"font-size: medium;\">O jogo decisivo das quartas de final da Copa Paulista est\u00e1 marcado para a pr\u00f3xima\u00a0quinta-feira (05), \u00e0s 20h00, no munic\u00edpio de Guaratinguet\u00e1-SP. Se as duas equipes empatarem\u00a0novamente, a decis\u00e3o ir\u00e1 para a\u00a0prorroga\u00e7\u00e3o, e a Yoka tem a vantagem de empatar para chegar \u00e0 semifinal por ter feito melhor campanha na primeira fase.\u00a0<\/span><\/p>\n<p class=\"western\" align=\"JUSTIFY\">Por Assessoria FPFS<\/p>\n<p class=\"western\" align=\"JUSTIFY\">Com informa\u00e7\u00f5es e foto: Rafael Peloso\/A.A. FIB<\/p>\n<p class=\"western\" align=\"JUSTIFY\"><span style=\"font-size: medium;\">\u00a0<\/span><\/p>\n","protected":false},"excerpt":{"rendered":"<p>&nbsp; O feriado de Finados foi de muito trabalho para o elenco da Associa\u00e7\u00e3o Atl\u00e9tica FIB. Nesta segunda-feira (02), os<\/p>\n","protected":false},"author":1,"featured_media":7313,"comment_status":"closed","ping_status":"open","sticky":false,"template":"","format":"standard","meta":{"footnotes":""},"categories":[23,29,32],"tags":[99,196,367,369,718,1047,1069,1334,2488,2490],"class_list":["post-7312","post","type-post","status-publish","format-standard","has-post-thumbnail","hentry","category-copa-paulista","category-interior","category-maiores","tag-a-a-fib","tag-alemao","tag-bauru","tag-bauruenses","tag-copa-paulista","tag-feriado","tag-finados","tag-interior","tag-treinamento","tag-treino"],"_links":{"self":[{"href":"https:\/\/www.federacaopaulistadefutsal.com.br\/novo\/wp-json\/wp\/v2\/posts\/7312","targetHints":{"allow":["GET"]}}],"collection":[{"href":"https:\/\/www.federacaopaulistadefutsal.com.br\/novo\/wp-json\/wp\/v2\/posts"}],"about":[{"href":"https:\/\/www.federacaopaulistadefutsal.com.br\/novo\/wp-json\/wp\/v2\/types\/post"}],"author":[{"embeddable":true,"href":"https:\/\/www.federacaopaulistadefutsal.com.br\/novo\/wp-json\/wp\/v2\/users\/1"}],"replies":[{"embeddable":true,"href":"https:\/\/www.federacaopaulistadefutsal.com.br\/novo\/wp-json\/wp\/v2\/comments?post=7312"}],"version-history":[{"count":0,"href":"https:\/\/www.federacaopaulistadefutsal.com.br\/novo\/wp-json\/wp\/v2\/posts\/7312\/revisions"}],"wp:featuredmedia":[{"embeddable":true,"href":"https:\/\/www.federacaopaulistadefutsal.com.br\/novo\/wp-json\/"}],"wp:attachment":[{"href":"https:\/\/www.federacaopaulistadefutsal.com.br\/novo\/wp-json\/wp\/v2\/media?parent=7312"}],"wp:term":[{"taxonomy":"category","embeddable":true,"href":"https:\/\/www.federacaopaulistadefutsal.com.br\/novo\/wp-json\/wp\/v2\/categories?post=7312"},{"taxonomy":"post_tag","embeddable":true,"href":"https:\/\/www.federacaopaulistadefutsal.com.br\/novo\/wp-json\/wp\/v2\/tags?post=7312"}],"curies":[{"name":"wp","href":"https:\/\/api.w.org\/{rel}","templated":true}]}}