{"id":7385,"date":"2015-11-06T15:00:28","date_gmt":"2015-11-06T15:00:28","guid":{"rendered":"http:\/\/www.federacaopaulistadefutsal.com.br\/?p=7385"},"modified":"2015-11-06T15:00:28","modified_gmt":"2015-11-06T15:00:28","slug":"selecao-brasileira-feminina-disputa-campeonato-mundial-confira-a-lista-de-convocadas","status":"publish","type":"post","link":"https:\/\/www.federacaopaulistadefutsal.com.br\/novo\/selecao-brasileira-feminina-disputa-campeonato-mundial-confira-a-lista-de-convocadas\/","title":{"rendered":"Sele\u00e7\u00e3o brasileira feminina disputa Campeonato Mundial; confira a lista de convocadas"},"content":{"rendered":"<div class=\"breadcrumb\"><\/div>\n<div id=\"post-info-wrapper\">\n&nbsp;\n<\/div>\n<div id=\"post-area\" class=\"post-16684 post type-post status-publish format-standard has-post-thumbnail hentry category-feminino tag-destaque\">\n<div id=\"content-area\">\nNesta sexta-feira (06), foi divulgada a lista de atletas que representar\u00e3o o Brasil no Campeonato Mundial, que acontecer\u00e1 na Guatemala, em dezembro. Para a competi\u00e7\u00e3o, Wilson Sab\u00f3ia, t\u00e9cnico da sele\u00e7\u00e3o brasileira, priorizou a convoca\u00e7\u00e3o de jogadoras de equipes do futsal catarinense, de outros estados e, at\u00e9, que jogam na Europa. Confira!<br \/>\n<strong>Goleiras:<\/strong><br \/>\nGiga (Female\/Chapec\u00f3-SC)<br \/>\nBianca (CAFE\/Cianorte-PR)<br \/>\nMissi Papst (Nac G\u00e1s Unifor-CE)<br \/>\n<strong>Fixas:<\/strong><br \/>\nTatiane (Female\/Chapec\u00f3-SC)<br \/>\nDiana Santos (Barateiro\/Brusque-SC)<br \/>\nVal\u00e9ria Schmidt (Female\/Chapec\u00f3-SC)<br \/>\n<strong>Alas:<\/strong><br \/>\nTampa (Female\/Chapec\u00f3-SC)<br \/>\nVanessa Pereira (Sinnai-ITA)<br \/>\nJessika Manieri (Barateiro\/Brusque-SC)<br \/>\nAmanda Lyssa (Barateiro\/Brusque-SC)<br \/>\nLu\u00edsa Mayara (Barateiro\/Brusque-SC)<br \/>\n<strong>Piv\u00f4s:<\/strong><br \/>\nLucil\u00e9ia (Lazio-ITA)<br \/>\nCaroline da Silva \u2013 Nega (Barateiro\/Brusque-SC)<br \/>\nJuliana Delgado (Club Futsi Atl\u00e9tico Feminas Navalcarnero-ESP)\n<\/div>\n<p>&nbsp;<br \/>\nPor Assessoria FPFS<br \/>\nCom informa\u00e7\u00f5es: FutsalEmPauta.com.br<br \/>\nFoto: Divulga\u00e7\u00e3o\/Marcio Stuzinski\n<\/p><\/div>\n","protected":false},"excerpt":{"rendered":"<p>&nbsp; Nesta sexta-feira (06), foi divulgada a lista de atletas que representar\u00e3o o Brasil no Campeonato Mundial, que acontecer\u00e1 na<\/p>\n","protected":false},"author":1,"featured_media":7386,"comment_status":"closed","ping_status":"open","sticky":false,"template":"","format":"standard","meta":{"footnotes":""},"categories":[26,35],"tags":[419,423,486,696,1412,1641,1700,1702,2239],"class_list":["post-7385","post","type-post","status-publish","format-standard","has-post-thumbnail","hentry","category-feminino","category-selecao","tag-brasil","tag-brasileiras","tag-campeonato-mundial","tag-convocacao","tag-jogadoras","tag-meninas","tag-mulheres","tag-mundial","tag-selecao"],"_links":{"self":[{"href":"https:\/\/www.federacaopaulistadefutsal.com.br\/novo\/wp-json\/wp\/v2\/posts\/7385","targetHints":{"allow":["GET"]}}],"collection":[{"href":"https:\/\/www.federacaopaulistadefutsal.com.br\/novo\/wp-json\/wp\/v2\/posts"}],"about":[{"href":"https:\/\/www.federacaopaulistadefutsal.com.br\/novo\/wp-json\/wp\/v2\/types\/post"}],"author":[{"embeddable":true,"href":"https:\/\/www.federacaopaulistadefutsal.com.br\/novo\/wp-json\/wp\/v2\/users\/1"}],"replies":[{"embeddable":true,"href":"https:\/\/www.federacaopaulistadefutsal.com.br\/novo\/wp-json\/wp\/v2\/comments?post=7385"}],"version-history":[{"count":0,"href":"https:\/\/www.federacaopaulistadefutsal.com.br\/novo\/wp-json\/wp\/v2\/posts\/7385\/revisions"}],"wp:featuredmedia":[{"embeddable":true,"href":"https:\/\/www.federacaopaulistadefutsal.com.br\/novo\/wp-json\/"}],"wp:attachment":[{"href":"https:\/\/www.federacaopaulistadefutsal.com.br\/novo\/wp-json\/wp\/v2\/media?parent=7385"}],"wp:term":[{"taxonomy":"category","embeddable":true,"href":"https:\/\/www.federacaopaulistadefutsal.com.br\/novo\/wp-json\/wp\/v2\/categories?post=7385"},{"taxonomy":"post_tag","embeddable":true,"href":"https:\/\/www.federacaopaulistadefutsal.com.br\/novo\/wp-json\/wp\/v2\/tags?post=7385"}],"curies":[{"name":"wp","href":"https:\/\/api.w.org\/{rel}","templated":true}]}}