{"id":7412,"date":"2015-11-07T15:00:35","date_gmt":"2015-11-07T15:00:35","guid":{"rendered":"http:\/\/www.federacaopaulistadefutsal.com.br\/?p=7412"},"modified":"2015-11-07T15:00:35","modified_gmt":"2015-11-07T15:00:35","slug":"com-dois-gols-de-guina-orlandia-vence-mogiano-e-esta-na-semifinal-da-copa-paulista","status":"publish","type":"post","link":"https:\/\/www.federacaopaulistadefutsal.com.br\/novo\/com-dois-gols-de-guina-orlandia-vence-mogiano-e-esta-na-semifinal-da-copa-paulista\/","title":{"rendered":"Com dois gols de Guina, Orl\u00e2ndia vence Mogiano e est\u00e1 na semifinal da Copa Paulista"},"content":{"rendered":"<p>&nbsp;<br \/>\nNa \u00faltima sexta-feira (06), em confronto v\u00e1lido pela segunda partida das quartas de final da Copa Paulista, o Orl\u00e2ndia recebeu a equipe do Gr\u00eamio Mogiano, no gin\u00e1sio Maur\u00edcio Leite de Moraes, e venceu pelo placar de 2 a 1. Com o resultado, o time orlandino est\u00e1 classificado \u00e0 semifinal da competi\u00e7\u00e3o.<br \/>\nAinda na primeira etapa, bastante equilibrada entre os times, Nen\u00ea, do Mogiano, abriu o marcador na casa da equipe orlandina: 0 a 1. No segundo tempo, a Intelli, que n\u00e3o baixou a cabe\u00e7a, foi pra cima com Guina, que empatou o jogo e colocou os mandantes novamente na partida: 1 a 1.<br \/>\nO resultado parcial de empate favorecia aos mogianos e os colocaria na semifinal da Copa Paulista de Futsal. Por\u00e9m, novamente com Guina, o Orl\u00e2ndia foi parar no fundo da rede: 2 a 1. A virada levou as equipes \u00e0 prorroga\u00e7\u00e3o e, diante de sua torcida, a Intelli segurou o placar de 0 a 0 e se classificou \u00e0 pr\u00f3xima etapa dos playoffs da competi\u00e7\u00e3o<br \/>\nNa pr\u00f3xima semana, a Federa\u00e7\u00e3o Paulista de Futebol de Sal\u00e3o (FPFS) vai divulgar as informa\u00e7\u00f5es referentes \u00e0s datas e hor\u00e1rios das semifinais que, al\u00e9m de contarem com a ADC Intelli\/Orl\u00e2ndia, ter\u00e3o as participa\u00e7\u00f5es de S\u00e3o Caetano Futsal, S\u00e3o Jos\u00e9 e Yoka.<br \/>\n&nbsp;<br \/>\nPor Assessoria FPFS<br \/>\nCom informa\u00e7\u00f5es: FutsalEmPauta.com.br<br \/>\nFoto: Divulga\u00e7\u00e3o\/M\u00e1rcio Dami\u00e3o<br \/>\n&nbsp;<\/p>\n","protected":false},"excerpt":{"rendered":"<p>&nbsp; Na \u00faltima sexta-feira (06), em confronto v\u00e1lido pela segunda partida das quartas de final da Copa Paulista, o Orl\u00e2ndia<\/p>\n","protected":false},"author":1,"featured_media":7416,"comment_status":"closed","ping_status":"open","sticky":false,"template":"","format":"standard","meta":{"footnotes":""},"categories":[23,32],"tags":[613,718,888,1222,1251,1323,1525,1556,1680,1681,1789,1791,2013],"class_list":["post-7412","post","type-post","status-publish","format-standard","has-post-thumbnail","hentry","category-copa-paulista","category-maiores","tag-classificado","tag-copa-paulista","tag-duelo","tag-gremio","tag-guina","tag-intelli","tag-liga-paulista","tag-lpf","tag-mogiano","tag-mogianos","tag-orlandia","tag-orlandinos","tag-quartas-de-final"],"_links":{"self":[{"href":"https:\/\/www.federacaopaulistadefutsal.com.br\/novo\/wp-json\/wp\/v2\/posts\/7412","targetHints":{"allow":["GET"]}}],"collection":[{"href":"https:\/\/www.federacaopaulistadefutsal.com.br\/novo\/wp-json\/wp\/v2\/posts"}],"about":[{"href":"https:\/\/www.federacaopaulistadefutsal.com.br\/novo\/wp-json\/wp\/v2\/types\/post"}],"author":[{"embeddable":true,"href":"https:\/\/www.federacaopaulistadefutsal.com.br\/novo\/wp-json\/wp\/v2\/users\/1"}],"replies":[{"embeddable":true,"href":"https:\/\/www.federacaopaulistadefutsal.com.br\/novo\/wp-json\/wp\/v2\/comments?post=7412"}],"version-history":[{"count":0,"href":"https:\/\/www.federacaopaulistadefutsal.com.br\/novo\/wp-json\/wp\/v2\/posts\/7412\/revisions"}],"wp:featuredmedia":[{"embeddable":true,"href":"https:\/\/www.federacaopaulistadefutsal.com.br\/novo\/wp-json\/"}],"wp:attachment":[{"href":"https:\/\/www.federacaopaulistadefutsal.com.br\/novo\/wp-json\/wp\/v2\/media?parent=7412"}],"wp:term":[{"taxonomy":"category","embeddable":true,"href":"https:\/\/www.federacaopaulistadefutsal.com.br\/novo\/wp-json\/wp\/v2\/categories?post=7412"},{"taxonomy":"post_tag","embeddable":true,"href":"https:\/\/www.federacaopaulistadefutsal.com.br\/novo\/wp-json\/wp\/v2\/tags?post=7412"}],"curies":[{"name":"wp","href":"https:\/\/api.w.org\/{rel}","templated":true}]}}