{"id":7436,"date":"2015-11-09T11:00:36","date_gmt":"2015-11-09T11:00:36","guid":{"rendered":"http:\/\/www.federacaopaulistadefutsal.com.br\/?p=7436"},"modified":"2015-11-09T11:00:36","modified_gmt":"2015-11-09T11:00:36","slug":"sub-10-do-oportunity-perde-primeiro-duelo-das-quartas-de-final-do-estadual-a2","status":"publish","type":"post","link":"https:\/\/www.federacaopaulistadefutsal.com.br\/novo\/sub-10-do-oportunity-perde-primeiro-duelo-das-quartas-de-final-do-estadual-a2\/","title":{"rendered":"Sub-10 do Oportunity perde primeiro duelo das quartas de final do Estadual A2"},"content":{"rendered":"<p>&nbsp;<br \/>\nNo \u00faltimo s\u00e1bado (07), em partida v\u00e1lida pelo primeiro duelo das quartas de final do Campeonato Paulista A2 de menores, a equipe sub-10 do Oportunity\/Integral perdeu para a A.A. Praia Grande por goleada de 4 a 0. O jogo aconteceu no gin\u00e1sio Presidente Ciro I, da Federa\u00e7\u00e3o Paulista de Futebol de Sal\u00e3o (FPFS), em S\u00e3o Paulo-SP.<br \/>\nNeste confronto de ida das quartas, os garotos do time de Bragan\u00e7a Paulista-SP encontraram dificuldades para vencer os meninos da equipe do litoral paulista, n\u00e3o conseguindo repetir as boas atua\u00e7\u00f5es de partidas anteriores pela competi\u00e7\u00e3o. Larissa, t\u00e9cnica do Oportunity, contou com os seguintes atletas para o jogo:\u00a0Gabriel, Luan, Gui, Samuel, Miguel, Isaac, Felipe, Rafael Antonio, Marcos Vinicius, Jo\u00e3o Henrique, Pedro, Rafael Brand\u00e3o e \u00cdtalo.<br \/>\nO duelo da volta entre o time bragantino e a equipe de Praia Grande-SP est\u00e1 marcado para o pr\u00f3ximo domingo (15), a partir das 10h00, no gin\u00e1sio Presidente Ciro II, da FPFS, em S\u00e3o Paulo-SP. Agora, para se classificar \u00e0 semifinal, o Oportunity tem que vencer tanto no tempo normal quanto na prorroga\u00e7\u00e3o; j\u00e1 a garotada da A.A. Praia Grande, precisa apenas do empate para seguir no Estadual A2.<br \/>\n&nbsp;<br \/>\nPor Assessoria FPFS<br \/>\nCom informa\u00e7\u00f5es: Assessoria de Imprensa\/Oportunity Futsal<br \/>\nFoto: Divulga\u00e7\u00e3o\/Oportunity Futsal<\/p>\n","protected":false},"excerpt":{"rendered":"<p>&nbsp; No \u00faltimo s\u00e1bado (07), em partida v\u00e1lida pelo primeiro duelo das quartas de final do Campeonato Paulista A2 de<\/p>\n","protected":false},"author":1,"featured_media":7437,"comment_status":"closed","ping_status":"open","sticky":false,"template":"","format":"standard","meta":{"footnotes":""},"categories":[17,33],"tags":[124,414,417,605,606,807,888,975,42,1201,1542,1780,1835,1933,2013],"class_list":["post-7436","post","type-post","status-publish","format-standard","has-post-thumbnail","hentry","category-estadual-base-a2","category-menores","tag-a2","tag-braganca-paulista","tag-bragantinos","tag-ciro-i","tag-ciro-ii","tag-derrota","tag-duelo","tag-estadual","tag-fpfs","tag-goleada","tag-litoral","tag-oportunity","tag-paulista","tag-praia-grande","tag-quartas-de-final"],"_links":{"self":[{"href":"https:\/\/www.federacaopaulistadefutsal.com.br\/novo\/wp-json\/wp\/v2\/posts\/7436","targetHints":{"allow":["GET"]}}],"collection":[{"href":"https:\/\/www.federacaopaulistadefutsal.com.br\/novo\/wp-json\/wp\/v2\/posts"}],"about":[{"href":"https:\/\/www.federacaopaulistadefutsal.com.br\/novo\/wp-json\/wp\/v2\/types\/post"}],"author":[{"embeddable":true,"href":"https:\/\/www.federacaopaulistadefutsal.com.br\/novo\/wp-json\/wp\/v2\/users\/1"}],"replies":[{"embeddable":true,"href":"https:\/\/www.federacaopaulistadefutsal.com.br\/novo\/wp-json\/wp\/v2\/comments?post=7436"}],"version-history":[{"count":0,"href":"https:\/\/www.federacaopaulistadefutsal.com.br\/novo\/wp-json\/wp\/v2\/posts\/7436\/revisions"}],"wp:featuredmedia":[{"embeddable":true,"href":"https:\/\/www.federacaopaulistadefutsal.com.br\/novo\/wp-json\/"}],"wp:attachment":[{"href":"https:\/\/www.federacaopaulistadefutsal.com.br\/novo\/wp-json\/wp\/v2\/media?parent=7436"}],"wp:term":[{"taxonomy":"category","embeddable":true,"href":"https:\/\/www.federacaopaulistadefutsal.com.br\/novo\/wp-json\/wp\/v2\/categories?post=7436"},{"taxonomy":"post_tag","embeddable":true,"href":"https:\/\/www.federacaopaulistadefutsal.com.br\/novo\/wp-json\/wp\/v2\/tags?post=7436"}],"curies":[{"name":"wp","href":"https:\/\/api.w.org\/{rel}","templated":true}]}}