{"id":7445,"date":"2015-11-09T15:17:06","date_gmt":"2015-11-09T15:17:06","guid":{"rendered":"http:\/\/www.federacaopaulistadefutsal.com.br\/?p=7445"},"modified":"2015-11-09T15:17:06","modified_gmt":"2015-11-09T15:17:06","slug":"craque-falcao-diz-que-decisao-contra-ira-faz-brasil-entrar-no-clima-do-mundial","status":"publish","type":"post","link":"https:\/\/www.federacaopaulistadefutsal.com.br\/novo\/craque-falcao-diz-que-decisao-contra-ira-faz-brasil-entrar-no-clima-do-mundial\/","title":{"rendered":"Craque Falc\u00e3o diz que decis\u00e3o contra Ir\u00e3 faz Brasil entrar no &quot;clima&quot; do Mundial"},"content":{"rendered":"<p>&nbsp;<br \/>\nAp\u00f3s o novo t\u00edtulo do Grand Prix, a sele\u00e7\u00e3o brasileira, liderada pelo craque Falc\u00e3o, concentra suas for\u00e7as e aten\u00e7\u00f5es ao seu principal objetivo dentro das quadras: a Copa do Mundo, organizada pela FIFA e que acontecer\u00e1 em 2016, na Col\u00f4mbia. Para o ala e camisa 12, o equilibrado duelo contra o Ir\u00e3 no \u00faltimo domingo (08), vit\u00f3ria pelo placar de 4 a 3, serviu para deixar o Brasil no &#8220;clima&#8221; do Mundial, j\u00e1 que a equipe\u00a0iraniana \u00e9 uma das sele\u00e7\u00f5es que mais tem crescido, nas \u00faltimas temporadas, no cen\u00e1rio do futsal.<br \/>\n<strong>&#8220;Foi um jogo para entrar de vez no clima de Copa do Mundo. Muita gente n\u00e3o tem no\u00e7\u00e3o da for\u00e7a que \u00e9 o Ir\u00e3, tivemos a sorte e a compet\u00eancia de fazer os gols no momento certo, e a\u00ed nos deu uma vantagem para segurar a for\u00e7a deles no final. Quase que eles empataram, mas esse \u00e9 o tipo de jogo que n\u00e3o se joga, se ganha. E n\u00f3s ganhamos&#8221;,<\/strong> declarou o &#8220;Rei do Futsal&#8221;.<br \/>\nAgora, a equipe comandada pelo t\u00e9cnico Serginho Schiochet ter\u00e1 pela frente as eliminat\u00f3rias sul-americanas, que dar\u00e3o vagas \u00e0 Copa do Mundo na Col\u00f4mbia, em 2016. O Brasil vai encarar o Paraguai, em fevereiro, pelo primeiro desafio dessa nova etapa classificat\u00f3ria. Para Falc\u00e3o, o treinador ter\u00e1 que &#8220;quebrar a cabe\u00e7a&#8221; para escolher os pr\u00f3ximos convocados pois, alguns atletas que fizeram boas atua\u00e7\u00f5es no Grand Prix, podem ter lugar cativo na sele\u00e7\u00e3o para os pr\u00f3ximos jogos.<br \/>\n<strong>&#8220;Agora \u00e9 voltar as aten\u00e7\u00f5es para as Eliminat\u00f3rias. O Serginho vai ter que ter um cuidado muito grande ao convocar os jogadores que atuam fora, mesclando com os que est\u00e3o aqui. \u00c9 claro que ele vai ser sempre injusto com algu\u00e9m, porque o Brasil tem 30 ou 40 jogadores e ele s\u00f3 pode convocar 14. Mas eu espero que ele seja feliz na convoca\u00e7\u00e3o e que a gente fa\u00e7a uma grande Eliminat\u00f3ria&#8221;,<\/strong> disse o camisa 12.<br \/>\nSobre o Grand Prix, por exemplo, o ala exaltou\u00a0a nova gera\u00e7\u00e3o de atletas da sele\u00e7\u00e3o brasileira como Diego, piv\u00f4 do Jaragu\u00e1, e o ala\/piv\u00f4 Dimas, do Conc\u00f3rdia, ambos muito importantes na conquista do Brasil na competi\u00e7\u00e3o. O &#8220;maior de todos os tempos&#8221; tamb\u00e9m comentou, implicitamente, as aus\u00eancias de jogadores que vestem as camisas de Corinthians e Orl\u00e2ndia, ponderando que o time brasileiro tem cinco ou seis sele\u00e7\u00f5es \u00e0 disposi\u00e7\u00e3o.<br \/>\n<strong>&#8220;Situa\u00e7\u00e3o do clube a gente n\u00e3o pode se meter. Eu sempre penso que clubes e sele\u00e7\u00e3o t\u00eam que ser parceiros. Mas foi bom para dar oportunidade a outros jogadores, e os que vieram deram conta do recado. Isso cria mais d\u00favida ainda na cabe\u00e7a do Serginho. Voc\u00ea v\u00ea o Diego, que n\u00e3o estava nem aqui e, de repente, foi artilheiro da competi\u00e7\u00e3o, e com m\u00e9ritos, fazendo gols importantes em momentos decisivos. Teve o Dimas, que tamb\u00e9m fez um grande campeonato, assim como outros jogadores. O Brasil tem condi\u00e7\u00e3o de fazer cinco ou seis sele\u00e7\u00f5es, e isso s\u00f3 serviu para criar mais d\u00favidas na cabe\u00e7a do Serginho&#8221;,\u00a0<\/strong>comentou o craque.<br \/>\n&nbsp;<br \/>\nPor Assessoria FPFS<br \/>\nCom informa\u00e7\u00f5es: GloboEsporte.com<br \/>\nFoto: Divulga\u00e7\u00e3o\/\u00a0Ricardo Artifon\/CBFS<br \/>\n&nbsp;<\/p>\n","protected":false},"excerpt":{"rendered":"<p>&nbsp; Ap\u00f3s o novo t\u00edtulo do Grand Prix, a sele\u00e7\u00e3o brasileira, liderada pelo craque Falc\u00e3o, concentra suas for\u00e7as e aten\u00e7\u00f5es<\/p>\n","protected":false},"author":1,"featured_media":7446,"comment_status":"closed","ping_status":"open","sticky":false,"template":"","format":"standard","meta":{"footnotes":""},"categories":[25,35],"tags":[190,419,463,710,746,785,1019,1071,1214,1347,1702,2239],"class_list":["post-7445","post","type-post","status-publish","format-standard","has-post-thumbnail","hentry","category-destaques","category-selecao","tag-ala","tag-brasil","tag-camisa-12","tag-copa-do-mundo","tag-craque","tag-decisao","tag-falcao","tag-final","tag-grand-prix","tag-ira","tag-mundial","tag-selecao"],"_links":{"self":[{"href":"https:\/\/www.federacaopaulistadefutsal.com.br\/novo\/wp-json\/wp\/v2\/posts\/7445","targetHints":{"allow":["GET"]}}],"collection":[{"href":"https:\/\/www.federacaopaulistadefutsal.com.br\/novo\/wp-json\/wp\/v2\/posts"}],"about":[{"href":"https:\/\/www.federacaopaulistadefutsal.com.br\/novo\/wp-json\/wp\/v2\/types\/post"}],"author":[{"embeddable":true,"href":"https:\/\/www.federacaopaulistadefutsal.com.br\/novo\/wp-json\/wp\/v2\/users\/1"}],"replies":[{"embeddable":true,"href":"https:\/\/www.federacaopaulistadefutsal.com.br\/novo\/wp-json\/wp\/v2\/comments?post=7445"}],"version-history":[{"count":0,"href":"https:\/\/www.federacaopaulistadefutsal.com.br\/novo\/wp-json\/wp\/v2\/posts\/7445\/revisions"}],"wp:featuredmedia":[{"embeddable":true,"href":"https:\/\/www.federacaopaulistadefutsal.com.br\/novo\/wp-json\/"}],"wp:attachment":[{"href":"https:\/\/www.federacaopaulistadefutsal.com.br\/novo\/wp-json\/wp\/v2\/media?parent=7445"}],"wp:term":[{"taxonomy":"category","embeddable":true,"href":"https:\/\/www.federacaopaulistadefutsal.com.br\/novo\/wp-json\/wp\/v2\/categories?post=7445"},{"taxonomy":"post_tag","embeddable":true,"href":"https:\/\/www.federacaopaulistadefutsal.com.br\/novo\/wp-json\/wp\/v2\/tags?post=7445"}],"curies":[{"name":"wp","href":"https:\/\/api.w.org\/{rel}","templated":true}]}}