{"id":7555,"date":"2015-11-14T12:49:44","date_gmt":"2015-11-14T12:49:44","guid":{"rendered":"http:\/\/www.federacaopaulistadefutsal.com.br\/?p=7555"},"modified":"2015-11-14T12:49:44","modified_gmt":"2015-11-14T12:49:44","slug":"celtic-futsal-realiza-peneiras-para-reforcar-equipes-sub-12-e-14","status":"publish","type":"post","link":"https:\/\/www.federacaopaulistadefutsal.com.br\/novo\/celtic-futsal-realiza-peneiras-para-reforcar-equipes-sub-12-e-14\/","title":{"rendered":"Celtic Futsal realiza peneiras para refor\u00e7ar equipes sub-12 e 14"},"content":{"rendered":"<p>&nbsp;<br \/>\nVisando refor\u00e7ar suas equipes de menores para os campeonatos Metropolitano e Estadual S\u00e9rie Prata A2, a equipe do S.C. Am\u00e9rica\/Celtic Futsal\u00a0realiza peneiras para atletas das categorias sub-12 e 14. Os testes acontecem a partir da pr\u00f3xima segunda-feira (16), em S\u00e3o Paulo-SP. Confira!<br \/>\n<strong>Datas e hor\u00e1rios das peneiras: \u00a0<\/strong><br \/>\nSub-12 (nascidos em 2004 e 2005) &#8211; segundas e sextas-feiras, a partir das 18h30.<br \/>\nSub-14 (nascidos em 2002 e 2003) &#8211; segundas e sextas-feiras, a partir das 17h00.<br \/>\n<strong>Endere\u00e7o das peneiras\u00a0(Celtic Futsal): \u00a0<\/strong><br \/>\nTravessa da Rua Ant\u00f4nio Flor\u00eancio dos Santos, 276, Vila Industrial &#8211; S\u00e3o Paulo-SP. (Pr\u00f3ximo ao Supermercado &#8220;Dav\u00f3&#8221;\/Avenida do Orat\u00f3rio)<br \/>\n<strong>Para mais informa\u00e7\u00f5es:<\/strong><br \/>\nFavor entrar em contato com\u00a0Marcos Souza (e-mail: celticfutsal130215@hotmail.com)<br \/>\nTelefones para contato: 98556-3707 (Claro)\/ 94927-4841 (Tim)<br \/>\n<strong>IMPORTANTE!<\/strong> &#8211; Para a realiza\u00e7\u00e3o dos testes, os atletas devem levar R.G e comparecer trajados de uniforme e material esportivo para a pr\u00e1tica do futsal (caneleira e chuteira de sal\u00e3o).<br \/>\n&nbsp;<br \/>\nPor Assessoria FPFS<br \/>\nCom informa\u00e7\u00f5es: Marcos Souza\/ S.C. Am\u00e9rica\/Celtic Futsal<br \/>\nFoto: Divulga\u00e7\u00e3o<\/p>\n","protected":false},"excerpt":{"rendered":"<p>&nbsp; Visando refor\u00e7ar suas equipes de menores para os campeonatos Metropolitano e Estadual S\u00e9rie Prata A2, a equipe do S.C.<\/p>\n","protected":false},"author":1,"featured_media":7346,"comment_status":"closed","ping_status":"open","sticky":false,"template":"","format":"standard","meta":{"footnotes":""},"categories":[25,33],"tags":[124,509,569,975,1650,43,1935,2152,2275,2339,2348,2449,2589],"class_list":["post-7555","post","type-post","status-publish","format-standard","has-post-thumbnail","hentry","category-destaques","category-menores","tag-a2","tag-capital","tag-celtic-futsal","tag-estadual","tag-metropolitano","tag-peneiras","tag-prata","tag-s-c-america","tag-serie","tag-sub-12","tag-sub-14","tag-testes","tag-vila-industrial"],"_links":{"self":[{"href":"https:\/\/www.federacaopaulistadefutsal.com.br\/novo\/wp-json\/wp\/v2\/posts\/7555","targetHints":{"allow":["GET"]}}],"collection":[{"href":"https:\/\/www.federacaopaulistadefutsal.com.br\/novo\/wp-json\/wp\/v2\/posts"}],"about":[{"href":"https:\/\/www.federacaopaulistadefutsal.com.br\/novo\/wp-json\/wp\/v2\/types\/post"}],"author":[{"embeddable":true,"href":"https:\/\/www.federacaopaulistadefutsal.com.br\/novo\/wp-json\/wp\/v2\/users\/1"}],"replies":[{"embeddable":true,"href":"https:\/\/www.federacaopaulistadefutsal.com.br\/novo\/wp-json\/wp\/v2\/comments?post=7555"}],"version-history":[{"count":0,"href":"https:\/\/www.federacaopaulistadefutsal.com.br\/novo\/wp-json\/wp\/v2\/posts\/7555\/revisions"}],"wp:featuredmedia":[{"embeddable":true,"href":"https:\/\/www.federacaopaulistadefutsal.com.br\/novo\/wp-json\/"}],"wp:attachment":[{"href":"https:\/\/www.federacaopaulistadefutsal.com.br\/novo\/wp-json\/wp\/v2\/media?parent=7555"}],"wp:term":[{"taxonomy":"category","embeddable":true,"href":"https:\/\/www.federacaopaulistadefutsal.com.br\/novo\/wp-json\/wp\/v2\/categories?post=7555"},{"taxonomy":"post_tag","embeddable":true,"href":"https:\/\/www.federacaopaulistadefutsal.com.br\/novo\/wp-json\/wp\/v2\/tags?post=7555"}],"curies":[{"name":"wp","href":"https:\/\/api.w.org\/{rel}","templated":true}]}}