{"id":7562,"date":"2015-11-16T14:47:43","date_gmt":"2015-11-16T14:47:43","guid":{"rendered":"http:\/\/www.federacaopaulistadefutsal.com.br\/?p=7562"},"modified":"2015-11-16T14:47:43","modified_gmt":"2015-11-16T14:47:43","slug":"apos-eliminacoes-a-a-fib-briga-por-titulo-do-estadual-a3-na-categoria-sub-17","status":"publish","type":"post","link":"https:\/\/www.federacaopaulistadefutsal.com.br\/novo\/apos-eliminacoes-a-a-fib-briga-por-titulo-do-estadual-a3-na-categoria-sub-17\/","title":{"rendered":"Ap\u00f3s elimina\u00e7\u00f5es, A.A. FIB briga por t\u00edtulo do Estadual A3 na categoria sub-17"},"content":{"rendered":"<p class=\"western\" align=\"JUSTIFY\">\n<p class=\"western\" align=\"JUSTIFY\"><span style=\"font-size: medium;\">A Associa\u00e7\u00e3o Atl\u00e9tica FIB iniciou a S\u00e9rie A3 do Campeonato Paulista, promovida pela Federa\u00e7\u00e3o Paulista de Futebol de Sal\u00e3o (FPFS), com representantes em cinco categorias: sub-10, 12, 14, 16 e 17 e, ap\u00f3s tr\u00eas fases disputadas pela competi\u00e7\u00e3o, tem apenas uma equipe lutando pelo t\u00edtulo estadual, a sub-17.<\/span><\/p>\n<p class=\"western\" align=\"JUSTIFY\"><span style=\"font-size: medium;\">A equipe bauruense sub-14, treinada por Elton Carvalho, n\u00e3o conseguiu passar da primeira fase e, nas categorias sub-10 e 12, que tinham Henrique Salcedo como t\u00e9cnico, a A.A. FIB foi eliminada de forma dram\u00e1tica nas penalidades, em pleno gin\u00e1sio Duduz\u00e3o, no campus das Faculdades Integradas de Bauru (FIB), durante a segunda fase.<\/span><\/p>\n<p class=\"western\" align=\"JUSTIFY\"><span style=\"font-size: medium;\">A \u00faltima equipe da A.A. FIB a se despedir do Paulista A3 foi a sub-16 que, no s\u00e1bado (14), acabou derrotada por 6 a 2 pelo time da Prefeitura Municipal de Bilac, no segundo jogo da semifinal, disputado em Bilac-SP. <strong>&#8220;Sa\u00edmos ganhando de 2 a 0, mas perdemos nossos dois principais jogadores por les\u00e3o, atrapalhando nosso rendimento na partida&#8221;,<\/strong> revelou Everton Carvalho da Silva, o Alem\u00e3o, treinador da categoria. \u00a0<\/span><\/p>\n<p class=\"western\" align=\"JUSTIFY\"><span style=\"font-size: medium;\">Alem\u00e3o tamb\u00e9m comanda a equipe sub-17 da A.A. FIB, que est\u00e1 classificada para a decis\u00e3o do Estadual A3. Para levantar a ta\u00e7a, os bauruenses precisar\u00e3o bater o Planeta Sport\/SMELR Ara\u00e7atuba-SP na final. O time bauruense\u00a0disputa o Campeonato Paulista em parceria com a Associa\u00e7\u00e3o Atl\u00e9tica Esporte e Vida, formada por pais de atletas de Bauru-SP.<\/span><\/p>\n<p class=\"western\" align=\"JUSTIFY\"><span style=\"font-size: medium;\">Por Assessoria FPFS<\/span><\/p>\n<p class=\"western\" align=\"JUSTIFY\"><span style=\"font-size: medium;\">Com informa\u00e7\u00f5es e foto: Rafael Peloso\/A.A. FIB\u00a0<\/span><\/p>\n","protected":false},"excerpt":{"rendered":"<p>A Associa\u00e7\u00e3o Atl\u00e9tica FIB iniciou a S\u00e9rie A3 do Campeonato Paulista, promovida pela Federa\u00e7\u00e3o Paulista de Futebol de Sal\u00e3o (FPFS),<\/p>\n","protected":false},"author":1,"featured_media":7563,"comment_status":"closed","ping_status":"open","sticky":false,"template":"","format":"standard","meta":{"footnotes":""},"categories":[20,33],"tags":[99,125,367,369,785,975,1059,1071,1643,1835,2340,2459,2532],"class_list":["post-7562","post","type-post","status-publish","format-standard","has-post-thumbnail","hentry","category-a3-estadual-menores","category-menores","tag-a-a-fib","tag-a3","tag-bauru","tag-bauruenses","tag-decisao","tag-estadual","tag-fib","tag-final","tag-menores-2","tag-paulista","tag-sub-17","tag-time","tag-unico"],"_links":{"self":[{"href":"https:\/\/www.federacaopaulistadefutsal.com.br\/novo\/wp-json\/wp\/v2\/posts\/7562","targetHints":{"allow":["GET"]}}],"collection":[{"href":"https:\/\/www.federacaopaulistadefutsal.com.br\/novo\/wp-json\/wp\/v2\/posts"}],"about":[{"href":"https:\/\/www.federacaopaulistadefutsal.com.br\/novo\/wp-json\/wp\/v2\/types\/post"}],"author":[{"embeddable":true,"href":"https:\/\/www.federacaopaulistadefutsal.com.br\/novo\/wp-json\/wp\/v2\/users\/1"}],"replies":[{"embeddable":true,"href":"https:\/\/www.federacaopaulistadefutsal.com.br\/novo\/wp-json\/wp\/v2\/comments?post=7562"}],"version-history":[{"count":0,"href":"https:\/\/www.federacaopaulistadefutsal.com.br\/novo\/wp-json\/wp\/v2\/posts\/7562\/revisions"}],"wp:featuredmedia":[{"embeddable":true,"href":"https:\/\/www.federacaopaulistadefutsal.com.br\/novo\/wp-json\/"}],"wp:attachment":[{"href":"https:\/\/www.federacaopaulistadefutsal.com.br\/novo\/wp-json\/wp\/v2\/media?parent=7562"}],"wp:term":[{"taxonomy":"category","embeddable":true,"href":"https:\/\/www.federacaopaulistadefutsal.com.br\/novo\/wp-json\/wp\/v2\/categories?post=7562"},{"taxonomy":"post_tag","embeddable":true,"href":"https:\/\/www.federacaopaulistadefutsal.com.br\/novo\/wp-json\/wp\/v2\/tags?post=7562"}],"curies":[{"name":"wp","href":"https:\/\/api.w.org\/{rel}","templated":true}]}}