{"id":7596,"date":"2015-11-17T16:27:11","date_gmt":"2015-11-17T16:27:11","guid":{"rendered":"http:\/\/www.federacaopaulistadefutsal.com.br\/?p=7596"},"modified":"2015-11-17T16:27:11","modified_gmt":"2015-11-17T16:27:11","slug":"botucatuense-vence-pulo-do-gato-no-ciro-ii-e-avanca-a-semifinal-do-estadual-sub-17","status":"publish","type":"post","link":"https:\/\/www.federacaopaulistadefutsal.com.br\/novo\/botucatuense-vence-pulo-do-gato-no-ciro-ii-e-avanca-a-semifinal-do-estadual-sub-17\/","title":{"rendered":"Botucatuense vence Pulo do Gato no Ciro II e avan\u00e7a \u00e0 semifinal do Estadual sub-17"},"content":{"rendered":"<p>&nbsp;<br \/>\nNo \u00faltimo domingo (15), em partida v\u00e1lida pelo segundo confronto das quartas de final do Estadual, a equipe sub-17 da Associa\u00e7\u00e3o Atl\u00e9tica Botucatuense (AAB) jogou contra o Pulo do Gato, de Campinas-SP, venceu pelo placar de 6 a 5 e est\u00e1 classificada \u00e0 semifinal da competi\u00e7\u00e3o. A partida aconteceu no gin\u00e1sio Presidente Ciro II, da Federa\u00e7\u00e3o Paulista de Futebol de Sal\u00e3o (FPFS); no primeiro duelo entre os times, vit\u00f3ria da A.A.B. por 8 a 5, no Ciro I.<br \/>\nNo primeiro tempo, a Veterana abriu goleada de 4 a 1 sobre os campineiros do Pulo, entretanto, levou alguns sustos antes do t\u00e9rmino dos primeiros 20 minutos de partida. Na segunda etapa, o time de Campinas-SP n\u00e3o baixou a cabe\u00e7a, foi pra cima da A.A.B. e conseguiu marcar quatro gols; a Botucatuense, por\u00e9m, n\u00e3o diminuiu seu ritmo de jogo e ampliou o resultado para 6 a 5.<br \/>\nOs gols da vit\u00f3ria da equipe de Botucatu-SP foram marcados por Guilherme Alvarenga (2),\u00a0Matheus dos Santos (2)\u00a0e Nicolas Rodrigues (2). Do lado campineiro, Hugo Cesar (3) e Leonardo Henrique (2) foram para o fundo da rede.<br \/>\nAgora, pela semifinal do Estadual sub-17, os garotos da Veterana de Botucatu-SP v\u00e3o encarar o Corinthians. No outro duelo da atual fase dos playoffs, Juventus e Palmeiras brigam por vaga \u00e0 grande final do torneio paulista; as datas e hor\u00e1rios das partidas ser\u00e3o divulgadas pela Federa\u00e7\u00e3o Paulista de Futebol de Sal\u00e3o (FPFS).<br \/>\n&nbsp;<br \/>\nPor Assessoria FPFS<br \/>\nCom informa\u00e7\u00f5es e foto: Erick Facioli\/Associa\u00e7\u00e3o Atl\u00e9tica Botucatuense<br \/>\n&nbsp;<br \/>\n&nbsp;<br \/>\n&nbsp;<\/p>\n","protected":false},"excerpt":{"rendered":"<p>&nbsp; No \u00faltimo domingo (15), em partida v\u00e1lida pelo segundo confronto das quartas de final do Estadual, a equipe sub-17<\/p>\n","protected":false},"author":1,"featured_media":7598,"comment_status":"closed","ping_status":"open","sticky":false,"template":"","format":"standard","meta":{"footnotes":""},"categories":[8,33],"tags":[103,123,409,410,494,605,648,975,42,1643,1835,1999,2013,2577],"class_list":["post-7596","post","type-post","status-publish","format-standard","has-post-thumbnail","hentry","category-estadual-base-a1","category-menores","tag-a-a-b","tag-a1","tag-botucatu","tag-botucatuense","tag-campinas","tag-ciro-i","tag-competicao","tag-estadual","tag-fpfs","tag-menores-2","tag-paulista","tag-pulo-do-gato","tag-quartas-de-final","tag-veterana"],"_links":{"self":[{"href":"https:\/\/www.federacaopaulistadefutsal.com.br\/novo\/wp-json\/wp\/v2\/posts\/7596","targetHints":{"allow":["GET"]}}],"collection":[{"href":"https:\/\/www.federacaopaulistadefutsal.com.br\/novo\/wp-json\/wp\/v2\/posts"}],"about":[{"href":"https:\/\/www.federacaopaulistadefutsal.com.br\/novo\/wp-json\/wp\/v2\/types\/post"}],"author":[{"embeddable":true,"href":"https:\/\/www.federacaopaulistadefutsal.com.br\/novo\/wp-json\/wp\/v2\/users\/1"}],"replies":[{"embeddable":true,"href":"https:\/\/www.federacaopaulistadefutsal.com.br\/novo\/wp-json\/wp\/v2\/comments?post=7596"}],"version-history":[{"count":0,"href":"https:\/\/www.federacaopaulistadefutsal.com.br\/novo\/wp-json\/wp\/v2\/posts\/7596\/revisions"}],"wp:featuredmedia":[{"embeddable":true,"href":"https:\/\/www.federacaopaulistadefutsal.com.br\/novo\/wp-json\/"}],"wp:attachment":[{"href":"https:\/\/www.federacaopaulistadefutsal.com.br\/novo\/wp-json\/wp\/v2\/media?parent=7596"}],"wp:term":[{"taxonomy":"category","embeddable":true,"href":"https:\/\/www.federacaopaulistadefutsal.com.br\/novo\/wp-json\/wp\/v2\/categories?post=7596"},{"taxonomy":"post_tag","embeddable":true,"href":"https:\/\/www.federacaopaulistadefutsal.com.br\/novo\/wp-json\/wp\/v2\/tags?post=7596"}],"curies":[{"name":"wp","href":"https:\/\/api.w.org\/{rel}","templated":true}]}}