{"id":7665,"date":"2015-11-21T12:16:07","date_gmt":"2015-11-21T12:16:07","guid":{"rendered":"http:\/\/www.federacaopaulistadefutsal.com.br\/?p=7665"},"modified":"2015-11-21T12:16:07","modified_gmt":"2015-11-21T12:16:07","slug":"apos-eliminacao-na-lnf-craque-falcao-desabafa-pior-ano-da-minha-carreira","status":"publish","type":"post","link":"https:\/\/www.federacaopaulistadefutsal.com.br\/novo\/apos-eliminacao-na-lnf-craque-falcao-desabafa-pior-ano-da-minha-carreira\/","title":{"rendered":"Ap\u00f3s elimina\u00e7\u00e3o na LNF, craque Falc\u00e3o desabafa: &quot;O pior ano da minha carreira&quot;"},"content":{"rendered":"<p>&nbsp;<br \/>\nNa \u00faltima sexta-feira (20), atrav\u00e9s de seu perfil nas redes sociais, o craque Falc\u00e3o desabafou sobre seu atual momento no futsal, fazendo um balan\u00e7o a respeito da temporada nas quatro linhas. O maior jogador de todos os tempos da modalidade, que teve grave les\u00e3o neste ano e, por conta disso, desfalcou o Sorocaba em boa parte dos jogos da equipe, buscava levar o time \u00e0 decis\u00e3o da Liga Nacional e aumentar seu recorde pessoal de chegar \u00e0 sua 11\u00aa decis\u00e3o pelo torneio.<br \/>\n<strong>&#8220;Um ano para esquecer. Uma les\u00e3o s\u00e9ria em maio, onde fora quase quatro meses para recuperar. Quando consegui recuperar, n\u00e3o tive o tempo certo para ficar 100%, pois est\u00e1vamos em uma fase complicada de classifica\u00e7\u00e3o. E assim foi, empurrando, jogando sabendo que ia machucar de novo, dosando no banco para tentar algo em momentos cruciais das partidas; assim contando os quatro meses parados e mais quatro empurrando com a barriga. O pior ano da minha carreira, terminando com mais uma les\u00e3o no \u00faltimo jogo. Tentar recuperar para as finais da Libertadores, 4 e 5 de dezembro. Que 2016 supere 2015. Obrigado&#8221;,<\/strong> desabafou o &#8220;Rei do Futsal&#8221; em publica\u00e7\u00e3o\u00a0nas redes sociais.<br \/>\nAgora, o ala e camisa 12 concentra suas for\u00e7as e aten\u00e7\u00f5es \u00e0 recupera\u00e7\u00e3o de les\u00e3o na coxa e, tamb\u00e9m, na decis\u00e3o da Libertadores, o duelo entre Sorocaba e\u00a0Real Bucaramanga, da Col\u00f4mbia. As partidas entre os times brasileiro e colombiano ser\u00e3o disputadas nos dias 4 e 5 de dezembro, no gin\u00e1sio Ayrton Senna.<br \/>\n&nbsp;<br \/>\nPor Assessoria FPFS<br \/>\nCom informa\u00e7\u00f5es: GloboEsporte.com<br \/>\nFoto: Divulga\u00e7\u00e3o\/Futsal Brasil Kirin<br \/>\n&nbsp;<br \/>\n&nbsp;<br \/>\n&nbsp;<\/p>\n","protected":false},"excerpt":{"rendered":"<p>&nbsp; Na \u00faltima sexta-feira (20), atrav\u00e9s de seu perfil nas redes sociais, o craque Falc\u00e3o desabafou sobre seu atual momento<\/p>\n","protected":false},"author":1,"featured_media":7666,"comment_status":"closed","ping_status":"open","sticky":false,"template":"","format":"standard","meta":{"footnotes":""},"categories":[25,32],"tags":[73,190,228,348,463,746,809,810,1019,1505,1546,1672,1709,2075,2325,2430],"class_list":["post-7665","post","type-post","status-publish","format-standard","has-post-thumbnail","hentry","category-destaques","category-maiores","tag-73","tag-ala","tag-ano","tag-balanco","tag-camisa-12","tag-craque","tag-desabafa","tag-desabafo","tag-falcao","tag-lesao","tag-lnf","tag-mito","tag-nacional","tag-rei-do-futsal","tag-sorocaba","tag-temporada"],"_links":{"self":[{"href":"https:\/\/www.federacaopaulistadefutsal.com.br\/novo\/wp-json\/wp\/v2\/posts\/7665","targetHints":{"allow":["GET"]}}],"collection":[{"href":"https:\/\/www.federacaopaulistadefutsal.com.br\/novo\/wp-json\/wp\/v2\/posts"}],"about":[{"href":"https:\/\/www.federacaopaulistadefutsal.com.br\/novo\/wp-json\/wp\/v2\/types\/post"}],"author":[{"embeddable":true,"href":"https:\/\/www.federacaopaulistadefutsal.com.br\/novo\/wp-json\/wp\/v2\/users\/1"}],"replies":[{"embeddable":true,"href":"https:\/\/www.federacaopaulistadefutsal.com.br\/novo\/wp-json\/wp\/v2\/comments?post=7665"}],"version-history":[{"count":0,"href":"https:\/\/www.federacaopaulistadefutsal.com.br\/novo\/wp-json\/wp\/v2\/posts\/7665\/revisions"}],"wp:featuredmedia":[{"embeddable":true,"href":"https:\/\/www.federacaopaulistadefutsal.com.br\/novo\/wp-json\/"}],"wp:attachment":[{"href":"https:\/\/www.federacaopaulistadefutsal.com.br\/novo\/wp-json\/wp\/v2\/media?parent=7665"}],"wp:term":[{"taxonomy":"category","embeddable":true,"href":"https:\/\/www.federacaopaulistadefutsal.com.br\/novo\/wp-json\/wp\/v2\/categories?post=7665"},{"taxonomy":"post_tag","embeddable":true,"href":"https:\/\/www.federacaopaulistadefutsal.com.br\/novo\/wp-json\/wp\/v2\/tags?post=7665"}],"curies":[{"name":"wp","href":"https:\/\/api.w.org\/{rel}","templated":true}]}}