{"id":7670,"date":"2015-11-22T18:00:57","date_gmt":"2015-11-22T18:00:57","guid":{"rendered":"http:\/\/www.federacaopaulistadefutsal.com.br\/?p=7670"},"modified":"2015-11-22T18:00:57","modified_gmt":"2015-11-22T18:00:57","slug":"grande-final-da-liga-nacional-e-antecipada-venda-de-ingressos-para-partida-sofre-mudanca","status":"publish","type":"post","link":"https:\/\/www.federacaopaulistadefutsal.com.br\/novo\/grande-final-da-liga-nacional-e-antecipada-venda-de-ingressos-para-partida-sofre-mudanca\/","title":{"rendered":"Grande final da Liga Nacional \u00e9 antecipada; venda de ingressos para partida sofre mudan\u00e7a"},"content":{"rendered":"<p>&nbsp;<br \/>\nPela decis\u00e3o da Liga Nacional de Futsal (LNF) entre Carlos Barbosa (RS) e Orl\u00e2ndia\u00a0(SP), o segundo e decisivo duelo da final\u00edssima\u00a0teve sua data alterada. Por conta do grande p\u00fablico das semifinais da competi\u00e7\u00e3o, os times ga\u00facho e paulista concordaram que o jogo que dar\u00e1 o t\u00edtulo do principal torneio das quadras no Brasil ser\u00e1 no dia 29 de novembro, \u00e0s 13h00, ao inv\u00e9s de 30\/11, segunda-feira, como havia sido elaborado pela LNF anteriormente; o primeiro confronto continua marcado para a pr\u00f3xima segunda (23).<br \/>\nPor conta da altera\u00e7\u00e3o da data do jogo, o Carlos Barbosa anunciou que adiantou o in\u00edcio da venda de ingressos para segunda-feira (23), inicialmente prevista para s\u00e1bado (21). Para os interessados, os ingressos (primeiro lote) estar\u00e3o dispon\u00edveis para compra nos seguintes estabelecimentos: Lancheria Original, Postos Guerra, Loja Paix\u00e3o Laranja, do time ga\u00facho, e no Supermercado Santa Clara; todos estes estabelecidos no munic\u00edpio de Carlos Barbosa-RS.<br \/>\nValores dos ingressos: R$ 20,00 reais cada.<br \/>\nJ\u00e1 o segundo lote de ingressos, ser\u00e1 vendido apenas pela internet, com valores de R$ 30,00 reais (cada) + taxa de conveni\u00eancia. Os bilhetes come\u00e7am a ser disponibilizados na pr\u00f3xima segunda-feira (23), a partir das 08h30; Carlos Barbosa divulgar\u00e1, atrav\u00e9s de seu site oficial e perfil nas redes sociais (Facebook), o link para interessados comprarem ingressos \u00e0 partida no Sul.<br \/>\n&nbsp;<br \/>\nPor Assessoria FPFS<br \/>\nCom informa\u00e7\u00f5es: GloboEsporte.com<br \/>\nFoto: Divulga\u00e7\u00e3o\/\u00a0Ulisses Castro\/ACBF<br \/>\n&nbsp;<\/p>\n","protected":false},"excerpt":{"rendered":"<p>&nbsp; Pela decis\u00e3o da Liga Nacional de Futsal (LNF) entre Carlos Barbosa (RS) e Orl\u00e2ndia\u00a0(SP), o segundo e decisivo duelo<\/p>\n","protected":false},"author":1,"featured_media":7672,"comment_status":"closed","ping_status":"open","sticky":false,"template":"","format":"standard","meta":{"footnotes":""},"categories":[30,32],"tags":[200,525,660,785,1178,1216,1312,1546,1709,1789,1791,2570],"class_list":["post-7670","post","type-post","status-publish","format-standard","has-post-thumbnail","hentry","category-liga-nacional-de-futsal","category-maiores","tag-alteracao","tag-carlos-barbosa","tag-comunicado","tag-decisao","tag-gauchos","tag-grande-final","tag-ingressos","tag-lnf","tag-nacional","tag-orlandia","tag-orlandinos","tag-vendas"],"_links":{"self":[{"href":"https:\/\/www.federacaopaulistadefutsal.com.br\/novo\/wp-json\/wp\/v2\/posts\/7670","targetHints":{"allow":["GET"]}}],"collection":[{"href":"https:\/\/www.federacaopaulistadefutsal.com.br\/novo\/wp-json\/wp\/v2\/posts"}],"about":[{"href":"https:\/\/www.federacaopaulistadefutsal.com.br\/novo\/wp-json\/wp\/v2\/types\/post"}],"author":[{"embeddable":true,"href":"https:\/\/www.federacaopaulistadefutsal.com.br\/novo\/wp-json\/wp\/v2\/users\/1"}],"replies":[{"embeddable":true,"href":"https:\/\/www.federacaopaulistadefutsal.com.br\/novo\/wp-json\/wp\/v2\/comments?post=7670"}],"version-history":[{"count":0,"href":"https:\/\/www.federacaopaulistadefutsal.com.br\/novo\/wp-json\/wp\/v2\/posts\/7670\/revisions"}],"wp:featuredmedia":[{"embeddable":true,"href":"https:\/\/www.federacaopaulistadefutsal.com.br\/novo\/wp-json\/"}],"wp:attachment":[{"href":"https:\/\/www.federacaopaulistadefutsal.com.br\/novo\/wp-json\/wp\/v2\/media?parent=7670"}],"wp:term":[{"taxonomy":"category","embeddable":true,"href":"https:\/\/www.federacaopaulistadefutsal.com.br\/novo\/wp-json\/wp\/v2\/categories?post=7670"},{"taxonomy":"post_tag","embeddable":true,"href":"https:\/\/www.federacaopaulistadefutsal.com.br\/novo\/wp-json\/wp\/v2\/tags?post=7670"}],"curies":[{"name":"wp","href":"https:\/\/api.w.org\/{rel}","templated":true}]}}