{"id":7723,"date":"2015-11-25T16:00:27","date_gmt":"2015-11-25T16:00:27","guid":{"rendered":"http:\/\/www.federacaopaulistadefutsal.com.br\/?p=7723"},"modified":"2015-11-25T16:00:27","modified_gmt":"2015-11-25T16:00:27","slug":"sub-10-e-12-do-santo-andre-saem-na-frente-pelas-semifinais-do-estadual-a2","status":"publish","type":"post","link":"https:\/\/www.federacaopaulistadefutsal.com.br\/novo\/sub-10-e-12-do-santo-andre-saem-na-frente-pelas-semifinais-do-estadual-a2\/","title":{"rendered":"Sub-10 e 12 do Santo Andr\u00e9 saem na frente pelas semifinais do Estadual A2"},"content":{"rendered":"<p>&nbsp;<br \/>\nPelas semifinais do Campeonato Estadual A2, no \u00faltimo domingo (22), as equipes sub-10 e 12 do Santo Andr\u00e9 Futsal entraram em quadra e venceram Lausanne Paulista (1 a 0) e Uni\u00e3o Mau\u00e1 (3 a 1), respectivamente. As partidas dos times andreenses aconteceram no gin\u00e1sio Presidente Ciro II, da Federa\u00e7\u00e3o Paulista de Futebol de Sal\u00e3o (FPFS), em S\u00e3o Paulo-SP.<br \/>\n<strong>&#8220;Ganhamos somente a primeira partida, vamos entrar mais focados para obter o passaporte para as finais da Estadual s\u00e9rie A2 nas categorias 10 e 12&#8221;,<\/strong> declarou o Prof. Marcelo, t\u00e9cnico das equipes do Santo Andr\u00e9.<br \/>\n<a href=\"http:\/\/www.federacaopaulistadefutsal.com.br\/wp-content\/uploads\/2015\/11\/sub-10-4.jpg\"><img fetchpriority=\"high\" decoding=\"async\" class=\"aligncenter size-full wp-image-7725\" src=\"http:\/\/www.federacaopaulistadefutsal.com.br\/wp-content\/uploads\/2015\/11\/sub-10-4.jpg\" alt=\"sub 10 4\" width=\"658\" height=\"437\" \/><\/a><br \/>\nAgora, para avan\u00e7arem \u00e0 grande final do Estadual A2, os times sub-10 e 12 de Santo Andr\u00e9-SP precisam apenas do empate. J\u00e1 os garotos de Lausanne Paulista e Uni\u00e3o Mau\u00e1, ap\u00f3s os resultados adversos, precisam vencer, no m\u00ednimo, no tempo normal para for\u00e7arem a prorroga\u00e7\u00e3o.<br \/>\nO pr\u00f3ximo e decisivo duelo entre as equipes sub-10 de Lausanne Paulista e Santo Andr\u00e9 est\u00e1 marcado para s\u00e1bado (28), a partir das 16h30, no Ciro II, da FPFS. J\u00e1 o confronto entre Uni\u00e3o Mau\u00e1 e o time andreense, pelo sub-12, acontece logo na sequ\u00eancia, \u00e0s 17h15, tamb\u00e9m no mesmo local.<br \/>\n&nbsp;<br \/>\nPor Assessoria FPFS<br \/>\nCom informa\u00e7\u00f5es e foto: Marcelo GentoFanti (AMA)\/ Santo Andr\u00e9 Futsal<br \/>\n&nbsp;<br \/>\n&nbsp;<br \/>\n&nbsp;<br \/>\n&nbsp;<br \/>\n&nbsp;<\/p>\n","protected":false},"excerpt":{"rendered":"<p>&nbsp; Pelas semifinais do Campeonato Estadual A2, no \u00faltimo domingo (22), as equipes sub-10 e 12 do Santo Andr\u00e9 Futsal<\/p>\n","protected":false},"author":1,"featured_media":7724,"comment_status":"closed","ping_status":"open","sticky":false,"template":"","format":"standard","meta":{"footnotes":""},"categories":[17,33],"tags":[124,224,606,673,975,42,1490,1643,1835,2181,2264,2337,2339,2529],"class_list":["post-7723","post","type-post","status-publish","format-standard","has-post-thumbnail","hentry","category-estadual-base-a2","category-menores","tag-a2","tag-andreenses","tag-ciro-ii","tag-confrontos","tag-estadual","tag-fpfs","tag-lausanne-paulista","tag-menores-2","tag-paulista","tag-santo-andre","tag-semifinal","tag-sub-10","tag-sub-12","tag-uniao-maua"],"_links":{"self":[{"href":"https:\/\/www.federacaopaulistadefutsal.com.br\/novo\/wp-json\/wp\/v2\/posts\/7723","targetHints":{"allow":["GET"]}}],"collection":[{"href":"https:\/\/www.federacaopaulistadefutsal.com.br\/novo\/wp-json\/wp\/v2\/posts"}],"about":[{"href":"https:\/\/www.federacaopaulistadefutsal.com.br\/novo\/wp-json\/wp\/v2\/types\/post"}],"author":[{"embeddable":true,"href":"https:\/\/www.federacaopaulistadefutsal.com.br\/novo\/wp-json\/wp\/v2\/users\/1"}],"replies":[{"embeddable":true,"href":"https:\/\/www.federacaopaulistadefutsal.com.br\/novo\/wp-json\/wp\/v2\/comments?post=7723"}],"version-history":[{"count":0,"href":"https:\/\/www.federacaopaulistadefutsal.com.br\/novo\/wp-json\/wp\/v2\/posts\/7723\/revisions"}],"wp:featuredmedia":[{"embeddable":true,"href":"https:\/\/www.federacaopaulistadefutsal.com.br\/novo\/wp-json\/"}],"wp:attachment":[{"href":"https:\/\/www.federacaopaulistadefutsal.com.br\/novo\/wp-json\/wp\/v2\/media?parent=7723"}],"wp:term":[{"taxonomy":"category","embeddable":true,"href":"https:\/\/www.federacaopaulistadefutsal.com.br\/novo\/wp-json\/wp\/v2\/categories?post=7723"},{"taxonomy":"post_tag","embeddable":true,"href":"https:\/\/www.federacaopaulistadefutsal.com.br\/novo\/wp-json\/wp\/v2\/tags?post=7723"}],"curies":[{"name":"wp","href":"https:\/\/api.w.org\/{rel}","templated":true}]}}