{"id":7809,"date":"2015-11-30T11:35:20","date_gmt":"2015-11-30T11:35:20","guid":{"rendered":"http:\/\/www.federacaopaulistadefutsal.com.br\/?p=7809"},"modified":"2015-11-30T11:35:20","modified_gmt":"2015-11-30T11:35:20","slug":"thiago-cabeca-reconhece-superioridade-do-carlos-barbosa-o-titulo-nao-ficou-com-qualquer-equipe","status":"publish","type":"post","link":"https:\/\/www.federacaopaulistadefutsal.com.br\/novo\/thiago-cabeca-reconhece-superioridade-do-carlos-barbosa-o-titulo-nao-ficou-com-qualquer-equipe\/","title":{"rendered":"Thiago Cabe\u00e7a reconhece superioridade do Carlos Barbosa: &quot;O t\u00edtulo n\u00e3o ficou com qualquer equipe&quot;"},"content":{"rendered":"<p>&nbsp;<br \/>\nAp\u00f3s a grande final da Liga Nacional de Futsal (LNF) entre Carlos Barbosa e ADC Intelli\/Orl\u00e2ndia, que terminou com goleada de 5 a 1 dos ga\u00fachos sobre os orlandinos, dando o pentacampeonato \u00e0 ACBF, Thiago Cabe\u00e7a, piv\u00f4 da equipe paulista, falou sobre a decis\u00e3o diante da &#8220;Laranja Mec\u00e2nica&#8221;. O jogador do time gren\u00e1, que tem se destacado na Copa Paulista e foi pe\u00e7a importante durante a LNF, exaltou a conquista do advers\u00e1rio do Sul. Confira!<br \/>\n<strong>&#8220;Gra\u00e7as a Deus conseguimos chegar \u00e0 final, e voc\u00ea sabe, n\u00e9? Final \u00e9 consequ\u00eancia do que fazemos durante o campeonato. Eles foram superiores e isso n\u00e3o podemos negar, os dois jogos eles jogaram melhor que a gente. O t\u00edtulo n\u00e3o ficou com qualquer equipe, o time deles mereceu esta conquista&#8221;,<\/strong> declarou Cabe\u00e7a, que reconheceu a superioridade do Carlos Barbosa na decis\u00e3o da Liga Futsal.<br \/>\nApesar do rev\u00e9s contra os ga\u00fachos de Carlos Barbosa-RS, a temporada do Orl\u00e2ndia dentro das quatro linhas ainda n\u00e3o acabou. Agora, o time do t\u00e9cnico Cid\u00e3o ter\u00e1 importante compromisso pela frente: trata-se da decis\u00e3o da Copa Paulista de Futsal, em duelos contra a A.D. Yoka, de Guaratinguet\u00e1-SP, e que est\u00e3o marcados para os dias 02 e 04 de dezembro.<br \/>\n&nbsp;<br \/>\nPor Assessoria FPFS<br \/>\nCom informa\u00e7\u00f5es: FutsalEmPauta.com.br<br \/>\nArte: Divulga\u00e7\u00e3o\/ ADC Intelli\/M\u00e1rcio Dami\u00e3o (fotos)<br \/>\n&nbsp;<\/p>\n","protected":false},"excerpt":{"rendered":"<p>&nbsp; Ap\u00f3s a grande final da Liga Nacional de Futsal (LNF) entre Carlos Barbosa e ADC Intelli\/Orl\u00e2ndia, que terminou com<\/p>\n","protected":false},"author":1,"featured_media":7810,"comment_status":"closed","ping_status":"open","sticky":false,"template":"","format":"standard","meta":{"footnotes":""},"categories":[30,32],"tags":[525,790,1071,1073,1178,1323,1546,1709,1789,1791,2044,2369,2452],"class_list":["post-7809","post","type-post","status-publish","format-standard","has-post-thumbnail","hentry","category-liga-nacional-de-futsal","category-maiores","tag-carlos-barbosa","tag-declaracao","tag-final","tag-finalissima","tag-gauchos","tag-intelli","tag-lnf","tag-nacional","tag-orlandia","tag-orlandinos","tag-reconhecimento","tag-superioridade","tag-thiago-cabeca"],"_links":{"self":[{"href":"https:\/\/www.federacaopaulistadefutsal.com.br\/novo\/wp-json\/wp\/v2\/posts\/7809","targetHints":{"allow":["GET"]}}],"collection":[{"href":"https:\/\/www.federacaopaulistadefutsal.com.br\/novo\/wp-json\/wp\/v2\/posts"}],"about":[{"href":"https:\/\/www.federacaopaulistadefutsal.com.br\/novo\/wp-json\/wp\/v2\/types\/post"}],"author":[{"embeddable":true,"href":"https:\/\/www.federacaopaulistadefutsal.com.br\/novo\/wp-json\/wp\/v2\/users\/1"}],"replies":[{"embeddable":true,"href":"https:\/\/www.federacaopaulistadefutsal.com.br\/novo\/wp-json\/wp\/v2\/comments?post=7809"}],"version-history":[{"count":0,"href":"https:\/\/www.federacaopaulistadefutsal.com.br\/novo\/wp-json\/wp\/v2\/posts\/7809\/revisions"}],"wp:featuredmedia":[{"embeddable":true,"href":"https:\/\/www.federacaopaulistadefutsal.com.br\/novo\/wp-json\/"}],"wp:attachment":[{"href":"https:\/\/www.federacaopaulistadefutsal.com.br\/novo\/wp-json\/wp\/v2\/media?parent=7809"}],"wp:term":[{"taxonomy":"category","embeddable":true,"href":"https:\/\/www.federacaopaulistadefutsal.com.br\/novo\/wp-json\/wp\/v2\/categories?post=7809"},{"taxonomy":"post_tag","embeddable":true,"href":"https:\/\/www.federacaopaulistadefutsal.com.br\/novo\/wp-json\/wp\/v2\/tags?post=7809"}],"curies":[{"name":"wp","href":"https:\/\/api.w.org\/{rel}","templated":true}]}}