{"id":7815,"date":"2015-11-30T15:00:43","date_gmt":"2015-11-30T15:00:43","guid":{"rendered":"http:\/\/www.federacaopaulistadefutsal.com.br\/?p=7815"},"modified":"2015-11-30T15:00:43","modified_gmt":"2015-11-30T15:00:43","slug":"campeao-mundial-com-a-selecao-pc-de-oliveira-pode-retornar-ao-futsal-paulista","status":"publish","type":"post","link":"https:\/\/www.federacaopaulistadefutsal.com.br\/novo\/campeao-mundial-com-a-selecao-pc-de-oliveira-pode-retornar-ao-futsal-paulista\/","title":{"rendered":"Campe\u00e3o mundial com a Sele\u00e7\u00e3o, PC de Oliveira pode retornar ao futsal paulista"},"content":{"rendered":"<p>&nbsp;<br \/>\nA Liga Nacional de Futsal (LNF) pode at\u00e9 ter terminado recentemente, no domingo (29), mas promete muitas novidades para sua pr\u00f3xima edi\u00e7\u00e3o, em 2016. T\u00e9cnicos como Morruga e Vandr\u00e9, por exemplo, anunciados como novos comandantes de Conc\u00f3rdia (SC) e Floripa (SC), respectivamente, n\u00e3o s\u00e3o os \u00fanicos que podem surpreender em seus novos desafios. PC de Oliveira, ex-treinador da sele\u00e7\u00e3o brasileira, pode ser anunciado em time paulista para o ano que vem. Confira!<br \/>\nCampe\u00e3o mundial com o Brasil em 2008 e vencedor da Ta\u00e7a Brasil de Clubes com o Corinthians em 2010, PC est\u00e1 pr\u00f3ximo de retornar ao estado de S\u00e3o Paulo, onde comandou, no in\u00edcio de 2015, o Sorocaba do craque Falc\u00e3o. Agora, o treinador pode estar a caminho de S\u00e3o Jos\u00e9 dos Campos-SP para ficar \u00e0 frente do S\u00e3o Jos\u00e9 Futsal, que h\u00e1 pouco tempo encerrou\u00a0seu v\u00ednculo com o t\u00e9cnico Ivan Gomes.<br \/>\n&nbsp;<br \/>\nPor Assessoria FPFS<br \/>\nCom informa\u00e7\u00f5es: FutsalEmPauta.com.br<br \/>\nFoto: Divulga\u00e7\u00e3o\/\u00a0Cl\u00e1udio Silva\/Ag\u00eancia RBS<br \/>\n&nbsp;<\/p>\n","protected":false},"excerpt":{"rendered":"<p>&nbsp; A Liga Nacional de Futsal (LNF) pode at\u00e9 ter terminado recentemente, no domingo (29), mas promete muitas novidades para<\/p>\n","protected":false},"author":1,"featured_media":7816,"comment_status":"closed","ping_status":"open","sticky":false,"template":"","format":"standard","meta":{"footnotes":""},"categories":[25,32],"tags":[419,469,964,1575,1702,1709,1738,1847,2198,2239,2485],"class_list":["post-7815","post","type-post","status-publish","format-standard","has-post-thumbnail","hentry","category-destaques","category-maiores","tag-brasil","tag-campeao","tag-especulacao","tag-maiores","tag-mundial","tag-nacional","tag-noticia-lnf","tag-pc-de-oliveira","tag-sao-jose","tag-selecao","tag-treinador"],"_links":{"self":[{"href":"https:\/\/www.federacaopaulistadefutsal.com.br\/novo\/wp-json\/wp\/v2\/posts\/7815","targetHints":{"allow":["GET"]}}],"collection":[{"href":"https:\/\/www.federacaopaulistadefutsal.com.br\/novo\/wp-json\/wp\/v2\/posts"}],"about":[{"href":"https:\/\/www.federacaopaulistadefutsal.com.br\/novo\/wp-json\/wp\/v2\/types\/post"}],"author":[{"embeddable":true,"href":"https:\/\/www.federacaopaulistadefutsal.com.br\/novo\/wp-json\/wp\/v2\/users\/1"}],"replies":[{"embeddable":true,"href":"https:\/\/www.federacaopaulistadefutsal.com.br\/novo\/wp-json\/wp\/v2\/comments?post=7815"}],"version-history":[{"count":0,"href":"https:\/\/www.federacaopaulistadefutsal.com.br\/novo\/wp-json\/wp\/v2\/posts\/7815\/revisions"}],"wp:featuredmedia":[{"embeddable":true,"href":"https:\/\/www.federacaopaulistadefutsal.com.br\/novo\/wp-json\/"}],"wp:attachment":[{"href":"https:\/\/www.federacaopaulistadefutsal.com.br\/novo\/wp-json\/wp\/v2\/media?parent=7815"}],"wp:term":[{"taxonomy":"category","embeddable":true,"href":"https:\/\/www.federacaopaulistadefutsal.com.br\/novo\/wp-json\/wp\/v2\/categories?post=7815"},{"taxonomy":"post_tag","embeddable":true,"href":"https:\/\/www.federacaopaulistadefutsal.com.br\/novo\/wp-json\/wp\/v2\/tags?post=7815"}],"curies":[{"name":"wp","href":"https:\/\/api.w.org\/{rel}","templated":true}]}}