{"id":7819,"date":"2015-11-30T15:50:47","date_gmt":"2015-11-30T15:50:47","guid":{"rendered":"http:\/\/www.federacaopaulistadefutsal.com.br\/?p=7819"},"modified":"2015-11-30T15:50:47","modified_gmt":"2015-11-30T15:50:47","slug":"em-assis-sp-vocem-bate-sertaozinho-e-conquista-campeonato-paulista","status":"publish","type":"post","link":"https:\/\/www.federacaopaulistadefutsal.com.br\/novo\/em-assis-sp-vocem-bate-sertaozinho-e-conquista-campeonato-paulista\/","title":{"rendered":"Em Assis-SP, Vocem bate Sert\u00e3ozinho e conquista Campeonato Paulista"},"content":{"rendered":"<p>&nbsp;<br \/>\nNo \u00faltimo s\u00e1bado (28), em partida v\u00e1lida pela grande final do Campeonato Paulista, o Vocem recebeu o Sert\u00e3ozinho, em Assis-SP, no gin\u00e1sio\u00a0Prof\u00aa Maria Jos\u00e9 da Silva Valverde. Com goleada de 5 a 1 e vit\u00f3ria na prorroga\u00e7\u00e3o\u00a0por 1 a 0, os donos da casa sagraram-se campe\u00f5es da competi\u00e7\u00e3o; no primeiro duelo entre as equipes, Sert\u00e3ozinho havia vencido por 2 a 1.<br \/>\nPor conta da forte chuva em Assis-SP, a partida come\u00e7ou uma hora depois, \u00e0s 21h00. Apesar de pressionar constantemente no ataque, foram os visitantes do Sert\u00e3ozinho que abriram o placar, ap\u00f3s finaliza\u00e7\u00e3o de Allan Franck: 0 a 1. A rea\u00e7\u00e3o da equipe do Vocem s\u00f3 viria mesmo na segunda etapa, e com goleada.<br \/>\nNo segundo tempo, apoiado por sua torcida, o time de Assis-SP n\u00e3o apenas virou o placar, mas fez cinco gols, marcados pelos p\u00e9s de\u00a0Claudinho, Samuel, Matiello, Gui e Mir, que balan\u00e7ou a rede em duas oportunidades: 5 a 1. Com o resultado, independentemente do placar, j\u00e1 que o n\u00famero de gols n\u00e3o contabiliza classifica\u00e7\u00e3o ou t\u00edtulo \u00e0s equipes, o Vocem levou o duelo para a prorroga\u00e7\u00e3o.<br \/>\nNa prorroga\u00e7\u00e3o, logo aos 30 segundos de jogo, o piv\u00f4 Mir abriu o marcador para o time interiorano de Assis-SP: 1 a 0. O Vocem, acostumado a se dar bem em confrontos de tempos extras, conseguiu segurar o placar e, com isso, conquistou o Paulist\u00e3o 2015.<br \/>\n<strong>\u00c1RBITRO:\u00a0<\/strong>ANDERSON LUIS RODRIGUES<br \/>\n<strong>AUXILIAR:\u00a0<\/strong>OCL\u00c9BIO ANTONIO DA SILVA FILHO<br \/>\n<strong>CRONOMETRISTA:\u00a0<\/strong>LUIZ FRANCISCO FERRO<br \/>\n<strong>ANOTADOR:\u00a0<\/strong>ALEX DE CAMPOS<br \/>\n<strong>DELEGADO:\u00a0<\/strong>SERGIO SANCHES<br \/>\n<a href=\"https:\/\/www.facebook.com\/media\/set\/?set=a.930603286994419.1073741881.373400582714695&amp;type=3\" target=\"_blank\">\u00c1lbum de Fotos &#8211; Final do Paulist\u00e3o 2015<\/a><br \/>\nPor Assessoria FPFS<br \/>\n&nbsp;<\/p>\n","protected":false},"excerpt":{"rendered":"<p>&nbsp; No \u00faltimo s\u00e1bado (28), em partida v\u00e1lida pela grande final do Campeonato Paulista, o Vocem recebeu o Sert\u00e3ozinho, em<\/p>\n","protected":false},"author":1,"featured_media":7824,"comment_status":"closed","ping_status":"open","sticky":false,"template":"","format":"standard","meta":{"footnotes":""},"categories":[9,29,32],"tags":[123,289,785,975,1071,42,1334,1835,1839,1978,2292,2607],"class_list":["post-7819","post","type-post","status-publish","format-standard","has-post-thumbnail","hentry","category-estadual-principal","category-interior","category-maiores","tag-a1","tag-assis","tag-decisao","tag-estadual","tag-final","tag-fpfs","tag-interior","tag-paulista","tag-paulistao","tag-principal","tag-sertaozinho","tag-vocem"],"_links":{"self":[{"href":"https:\/\/www.federacaopaulistadefutsal.com.br\/novo\/wp-json\/wp\/v2\/posts\/7819","targetHints":{"allow":["GET"]}}],"collection":[{"href":"https:\/\/www.federacaopaulistadefutsal.com.br\/novo\/wp-json\/wp\/v2\/posts"}],"about":[{"href":"https:\/\/www.federacaopaulistadefutsal.com.br\/novo\/wp-json\/wp\/v2\/types\/post"}],"author":[{"embeddable":true,"href":"https:\/\/www.federacaopaulistadefutsal.com.br\/novo\/wp-json\/wp\/v2\/users\/1"}],"replies":[{"embeddable":true,"href":"https:\/\/www.federacaopaulistadefutsal.com.br\/novo\/wp-json\/wp\/v2\/comments?post=7819"}],"version-history":[{"count":0,"href":"https:\/\/www.federacaopaulistadefutsal.com.br\/novo\/wp-json\/wp\/v2\/posts\/7819\/revisions"}],"wp:featuredmedia":[{"embeddable":true,"href":"https:\/\/www.federacaopaulistadefutsal.com.br\/novo\/wp-json\/"}],"wp:attachment":[{"href":"https:\/\/www.federacaopaulistadefutsal.com.br\/novo\/wp-json\/wp\/v2\/media?parent=7819"}],"wp:term":[{"taxonomy":"category","embeddable":true,"href":"https:\/\/www.federacaopaulistadefutsal.com.br\/novo\/wp-json\/wp\/v2\/categories?post=7819"},{"taxonomy":"post_tag","embeddable":true,"href":"https:\/\/www.federacaopaulistadefutsal.com.br\/novo\/wp-json\/wp\/v2\/tags?post=7819"}],"curies":[{"name":"wp","href":"https:\/\/api.w.org\/{rel}","templated":true}]}}