{"id":7832,"date":"2015-12-01T13:00:09","date_gmt":"2015-12-01T13:00:09","guid":{"rendered":"http:\/\/www.federacaopaulistadefutsal.com.br\/?p=7832"},"modified":"2015-12-01T13:00:09","modified_gmt":"2015-12-01T13:00:09","slug":"em-semana-de-negociacoes-orlandia-anuncia-contratacao-de-gian-wolverine","status":"publish","type":"post","link":"https:\/\/www.federacaopaulistadefutsal.com.br\/novo\/em-semana-de-negociacoes-orlandia-anuncia-contratacao-de-gian-wolverine\/","title":{"rendered":"Em semana de negocia\u00e7\u00f5es, Orl\u00e2ndia anuncia contrata\u00e7\u00e3o de Gian &quot;Wolverine&quot;"},"content":{"rendered":"<p>&nbsp;<br \/>\nAp\u00f3s a decis\u00e3o da Liga Nacional de Futsal (LNF), a diretoria da ADC Intelli\/Orl\u00e2ndia, atrav\u00e9s do presidente Renzo Spedicatto, anunciou as primeiras contrata\u00e7\u00f5es\u00a0e, principalmente, sa\u00eddas de jogadores do time orlandino. Campe\u00e3o da LNF com o Carlos Barbosa, do Rio Grande do Sul, o goleiro Gian, o &#8220;Wolverine&#8221;, ser\u00e1 uma das novidades do elenco gren\u00e1 para a pr\u00f3xima temporada.<br \/>\nO capit\u00e3o Ci\u00e7o, fixo do Orl\u00e2ndia e remanescente do bicampeonato nacional da equipe, anunciou recentemente, atrav\u00e9s de postagem emotiva em sua rede social, que n\u00e3o far\u00e1 mais parte do grupo da Intelli para 2016. O jogador vestir\u00e1 a camisa do Minas (MG) na pr\u00f3xima edi\u00e7\u00e3o da Liga Nacional de Futsal (LNF).<br \/>\nSegundo a diretoria da equipe orlandina, a base do time gren\u00e1 ser\u00e1 mantida para o ano que vem. Os dirigentes garantem que, nomes como os goleiros Eduardo e Diego, o fixo Renan, os alas Gadeia, Jackson, Felipe e Cabre\u00fava, e o piv\u00f4 Dieguinho ser\u00e3o mantidos no elenco.<br \/>\nAinda de acordo com a diretoria da Intelli, atletas como Carlos, Guina, Matheus Ga\u00facho, Renan Fuso, Thiago Cabe\u00e7a, Matheus BH, Kau\u00ea e Welinton est\u00e3o com situa\u00e7\u00f5es indefinidas, ou seja, podem ser negociados com outras equipes a qualquer momento. Os objetivos do presidente\u00a0Renzo Spedicatto e dos demais dirigentes do Orl\u00e2ndia s\u00e3o\u00a0fechar contrata\u00e7\u00f5es de\u00a0jogadores e, tamb\u00e9m, renovar contratos com atletas do time at\u00e9 o pr\u00f3ximo final de semana.<br \/>\nNas pr\u00f3ximas quarta-feira (02) e sexta-feira (04), a Intelli ter\u00e1 desafios pela frente, ambos contra a A.D. Yoka, de Guaratinguet\u00e1-SP, v\u00e1lidos pela grande final da Copa Paulista de Futsal. A primeira partida est\u00e1 marcada para \u00e0s 20h00, no gin\u00e1sio Maur\u00edcio Leite de Moraes, em Orl\u00e2ndia-SP.<br \/>\n&nbsp;<br \/>\nPor Assessoria FPFS<br \/>\nCom informa\u00e7\u00f5es: GloboEsporte.com<br \/>\nFoto: Divulga\u00e7\u00e3o\/\u00a0Porthus Junior \/ Agencia RBS<br \/>\n&nbsp;<br \/>\n&nbsp;<br \/>\n&nbsp;<\/p>\n","protected":false},"excerpt":{"rendered":"<p>&nbsp; Ap\u00f3s a decis\u00e3o da Liga Nacional de Futsal (LNF), a diretoria da ADC Intelli\/Orl\u00e2ndia, atrav\u00e9s do presidente Renzo Spedicatto,<\/p>\n","protected":false},"author":1,"featured_media":7834,"comment_status":"closed","ping_status":"open","sticky":false,"template":"","format":"standard","meta":{"footnotes":""},"categories":[25,32],"tags":[74,657,690,1188,1205,1323,1645,1719,1789,1992,2430,2570,2624],"class_list":["post-7832","post","type-post","status-publish","format-standard","has-post-thumbnail","hentry","category-destaques","category-maiores","tag-74","tag-compras","tag-contratacoes","tag-gian","tag-goleiro","tag-intelli","tag-mercado","tag-negociacoes","tag-orlandia","tag-proxima","tag-temporada","tag-vendas","tag-wolverine"],"_links":{"self":[{"href":"https:\/\/www.federacaopaulistadefutsal.com.br\/novo\/wp-json\/wp\/v2\/posts\/7832","targetHints":{"allow":["GET"]}}],"collection":[{"href":"https:\/\/www.federacaopaulistadefutsal.com.br\/novo\/wp-json\/wp\/v2\/posts"}],"about":[{"href":"https:\/\/www.federacaopaulistadefutsal.com.br\/novo\/wp-json\/wp\/v2\/types\/post"}],"author":[{"embeddable":true,"href":"https:\/\/www.federacaopaulistadefutsal.com.br\/novo\/wp-json\/wp\/v2\/users\/1"}],"replies":[{"embeddable":true,"href":"https:\/\/www.federacaopaulistadefutsal.com.br\/novo\/wp-json\/wp\/v2\/comments?post=7832"}],"version-history":[{"count":0,"href":"https:\/\/www.federacaopaulistadefutsal.com.br\/novo\/wp-json\/wp\/v2\/posts\/7832\/revisions"}],"wp:featuredmedia":[{"embeddable":true,"href":"https:\/\/www.federacaopaulistadefutsal.com.br\/novo\/wp-json\/"}],"wp:attachment":[{"href":"https:\/\/www.federacaopaulistadefutsal.com.br\/novo\/wp-json\/wp\/v2\/media?parent=7832"}],"wp:term":[{"taxonomy":"category","embeddable":true,"href":"https:\/\/www.federacaopaulistadefutsal.com.br\/novo\/wp-json\/wp\/v2\/categories?post=7832"},{"taxonomy":"post_tag","embeddable":true,"href":"https:\/\/www.federacaopaulistadefutsal.com.br\/novo\/wp-json\/wp\/v2\/tags?post=7832"}],"curies":[{"name":"wp","href":"https:\/\/api.w.org\/{rel}","templated":true}]}}