{"id":7842,"date":"2015-12-01T15:00:01","date_gmt":"2015-12-01T15:00:01","guid":{"rendered":"http:\/\/www.federacaopaulistadefutsal.com.br\/?p=7842"},"modified":"2015-12-01T15:00:01","modified_gmt":"2015-12-01T15:00:01","slug":"com-passagens-por-a-a-fib-e-rio-preto-ala-esta-livre-para-negociar-com-equipes","status":"publish","type":"post","link":"https:\/\/www.federacaopaulistadefutsal.com.br\/novo\/com-passagens-por-a-a-fib-e-rio-preto-ala-esta-livre-para-negociar-com-equipes\/","title":{"rendered":"Com passagens por A.A. FIB e Rio Preto, ala est\u00e1 livre para negociar com equipes"},"content":{"rendered":"<p>&nbsp;<\/p>\n<p class=\"western\" align=\"JUSTIFY\"><span style=\"font-family: Arial, serif;\"><span style=\"font-size: medium;\">Com 2015 se encerrando, o mercado do futsal est\u00e1 movimentado, diversos clubes est\u00e3o se preparando e se refor\u00e7ando para 2016. O<\/span><\/span>\u00a0ala canhoto Taqu\u00e1, que nesta temporada vestiu a camisa da A.A. FIB, de Bauru-SP, est\u00e1 livre para negociar com qualquer equipe do futsal.<\/p>\n<p class=\"western\" align=\"JUSTIFY\"><span style=\"font-family: Arial, serif;\"><span style=\"font-size: medium;\">Nesta temporada, Taqu\u00e1 foi submetido a uma cirurgia, a qual o atrapalhou em\u00a0sua sequ\u00eancia de jogos em 2015. Por\u00e9m, j\u00e1 recuperado, o jogador\u00a0analisa propostas para que possa voltar a atuar nas quatro linhas no ano que vem. \u00a0<\/span><\/span><\/p>\n<p class=\"western\" align=\"JUSTIFY\">Natural de Taquarituba-SP, o ala j\u00e1 vestiu, alem da camisa do time bauruense, a de equipes como Vocem\/Assis, RCG Gar\u00e7a, A.A. Pinhalense, Wimpro, de Guarulhos-SP, Ara\u00e7ariguama Futsal e Rio Preto Futsal. Taqu\u00e1 trabalhou, tamb\u00e9m, com os seguintes treinadores do futsal paulista:\u00a0Andr\u00e9 Lu\u00eds, Tuca Guimar\u00e3es, Julinho Martins e, por fim, Elton Carvalho.<\/p>\n<p class=\"western\" align=\"JUSTIFY\">Por Assessoria FPFS<\/p>\n<p class=\"western\" align=\"JUSTIFY\">Com informa\u00e7\u00f5es: Miderson Eduardo\/ME Assessoria de Imprensa<\/p>\n<p class=\"western\" align=\"JUSTIFY\">Foto: Divulga\u00e7\u00e3o\/Rio Preto Futsal<\/p>\n","protected":false},"excerpt":{"rendered":"<p>&nbsp; Com 2015 se encerrando, o mercado do futsal est\u00e1 movimentado, diversos clubes est\u00e3o se preparando e se refor\u00e7ando para<\/p>\n","protected":false},"author":1,"featured_media":7843,"comment_status":"closed","ping_status":"open","sticky":false,"template":"","format":"standard","meta":{"footnotes":""},"categories":[29,32],"tags":[99,190,1131,1334,1545,1645,1718,2125,2403],"class_list":["post-7842","post","type-post","status-publish","format-standard","has-post-thumbnail","hentry","category-interior","category-maiores","tag-a-a-fib","tag-ala","tag-futsal","tag-interior","tag-livre","tag-mercado","tag-negociacao","tag-rio-preto-futsal","tag-taqua"],"_links":{"self":[{"href":"https:\/\/www.federacaopaulistadefutsal.com.br\/novo\/wp-json\/wp\/v2\/posts\/7842","targetHints":{"allow":["GET"]}}],"collection":[{"href":"https:\/\/www.federacaopaulistadefutsal.com.br\/novo\/wp-json\/wp\/v2\/posts"}],"about":[{"href":"https:\/\/www.federacaopaulistadefutsal.com.br\/novo\/wp-json\/wp\/v2\/types\/post"}],"author":[{"embeddable":true,"href":"https:\/\/www.federacaopaulistadefutsal.com.br\/novo\/wp-json\/wp\/v2\/users\/1"}],"replies":[{"embeddable":true,"href":"https:\/\/www.federacaopaulistadefutsal.com.br\/novo\/wp-json\/wp\/v2\/comments?post=7842"}],"version-history":[{"count":0,"href":"https:\/\/www.federacaopaulistadefutsal.com.br\/novo\/wp-json\/wp\/v2\/posts\/7842\/revisions"}],"wp:featuredmedia":[{"embeddable":true,"href":"https:\/\/www.federacaopaulistadefutsal.com.br\/novo\/wp-json\/"}],"wp:attachment":[{"href":"https:\/\/www.federacaopaulistadefutsal.com.br\/novo\/wp-json\/wp\/v2\/media?parent=7842"}],"wp:term":[{"taxonomy":"category","embeddable":true,"href":"https:\/\/www.federacaopaulistadefutsal.com.br\/novo\/wp-json\/wp\/v2\/categories?post=7842"},{"taxonomy":"post_tag","embeddable":true,"href":"https:\/\/www.federacaopaulistadefutsal.com.br\/novo\/wp-json\/wp\/v2\/tags?post=7842"}],"curies":[{"name":"wp","href":"https:\/\/api.w.org\/{rel}","templated":true}]}}