{"id":7850,"date":"2015-12-02T10:00:16","date_gmt":"2015-12-02T10:00:16","guid":{"rendered":"http:\/\/www.federacaopaulistadefutsal.com.br\/?p=7850"},"modified":"2015-12-02T10:00:16","modified_gmt":"2015-12-02T10:00:16","slug":"apos-perder-por-goleada-e-na-prorrogacao-botucatuense-esta-eliminada-do-estadual-sub-17","status":"publish","type":"post","link":"https:\/\/www.federacaopaulistadefutsal.com.br\/novo\/apos-perder-por-goleada-e-na-prorrogacao-botucatuense-esta-eliminada-do-estadual-sub-17\/","title":{"rendered":"Ap\u00f3s perder por goleada e na prorroga\u00e7\u00e3o, Botucatuense est\u00e1 eliminada do Estadual sub-17"},"content":{"rendered":"<p>&nbsp;<br \/>\nNo \u00faltimo domingo (29), em partida v\u00e1lida pelo segundo confronto da semifinal do Campeonato Estadual, a Associa\u00e7\u00e3o Atl\u00e9tica Botucatuense (AAB) encarou o Corinthians, no gin\u00e1sio Presidente Ciro II, da Federa\u00e7\u00e3o Paulista de Futebol de Sal\u00e3o (FPFS), em S\u00e3o Paulo-SP. A Veterana de Botucatu-SP, que havia vencido o Tim\u00e3o por 2 a 1 no primeiro jogo, perdeu por goleada de 9 a 1 e, na prorroga\u00e7\u00e3o, por 2 a 1; e com o resultado est\u00e1 eliminada da competi\u00e7\u00e3o.<br \/>\n<strong>&#8220;Infelizmente, mais uma vez, no finalzinho do jogo, sofremos a virada&#8221;,<\/strong> explica o vice-presidente de Esportes da A.A.B., Ch\u00e9 Fioretto.\u00a0Apesar do resultado negativo, a diretoria do clube afirmou que est\u00e1 satisfeita com o desempenho do grupo. <strong>&#8220;Entre as mais de 60 equipes que disputam as duas divis\u00f5es do Estadual, n\u00f3s ficamos entre as quatro melhores, ao lado do Corinthians, Palmeiras e Osasco&#8221;,<\/strong> justifica J\u00e2nio Gon\u00e7alves, presidente da Veterana.<br \/>\nOs gols da goleada e vit\u00f3ria corintiana foram marcados por Klyschilan (3), Gustavo Fran\u00e7a (2), Lucas, Vin\u00edcius, Marcos Paulo, Jonatha, Eduardo e Alan. J\u00e1 para o time de Botucatu-SP, Guilherme e N\u00edcolas foram para a rede.<br \/>\nAgora, pela grande final do Estadual sub-17, Corinthians e Palmeiras medem for\u00e7as em cl\u00e1ssico paulista. A equipe alviverde passou pelos garotos do Osasco, ao empatar o primeiro jogo por 2 a 2 e vencer o segundo por goleada de 8 a 3.<br \/>\n&nbsp;<br \/>\nPor Assessoria FPFS<br \/>\nCom informa\u00e7\u00f5es e foto:\u00a0Erick Facioli\/Associa\u00e7\u00e3o Atl\u00e9tica Botucatuense<br \/>\n&nbsp;<br \/>\n&nbsp;<\/p>\n","protected":false},"excerpt":{"rendered":"<p>&nbsp; No \u00faltimo domingo (29), em partida v\u00e1lida pelo segundo confronto da semifinal do Campeonato Estadual, a Associa\u00e7\u00e3o Atl\u00e9tica Botucatuense<\/p>\n","protected":false},"author":1,"featured_media":7791,"comment_status":"closed","ping_status":"open","sticky":false,"template":"","format":"standard","meta":{"footnotes":""},"categories":[8,33],"tags":[123,409,410,606,734,807,913,975,42,1201,2264,2457,2577],"class_list":["post-7850","post","type-post","status-publish","format-standard","has-post-thumbnail","hentry","category-estadual-base-a1","category-menores","tag-a1","tag-botucatu","tag-botucatuense","tag-ciro-ii","tag-corinthians","tag-derrota","tag-eliminacao","tag-estadual","tag-fpfs","tag-goleada","tag-semifinal","tag-timao","tag-veterana"],"_links":{"self":[{"href":"https:\/\/www.federacaopaulistadefutsal.com.br\/novo\/wp-json\/wp\/v2\/posts\/7850","targetHints":{"allow":["GET"]}}],"collection":[{"href":"https:\/\/www.federacaopaulistadefutsal.com.br\/novo\/wp-json\/wp\/v2\/posts"}],"about":[{"href":"https:\/\/www.federacaopaulistadefutsal.com.br\/novo\/wp-json\/wp\/v2\/types\/post"}],"author":[{"embeddable":true,"href":"https:\/\/www.federacaopaulistadefutsal.com.br\/novo\/wp-json\/wp\/v2\/users\/1"}],"replies":[{"embeddable":true,"href":"https:\/\/www.federacaopaulistadefutsal.com.br\/novo\/wp-json\/wp\/v2\/comments?post=7850"}],"version-history":[{"count":0,"href":"https:\/\/www.federacaopaulistadefutsal.com.br\/novo\/wp-json\/wp\/v2\/posts\/7850\/revisions"}],"wp:featuredmedia":[{"embeddable":true,"href":"https:\/\/www.federacaopaulistadefutsal.com.br\/novo\/wp-json\/"}],"wp:attachment":[{"href":"https:\/\/www.federacaopaulistadefutsal.com.br\/novo\/wp-json\/wp\/v2\/media?parent=7850"}],"wp:term":[{"taxonomy":"category","embeddable":true,"href":"https:\/\/www.federacaopaulistadefutsal.com.br\/novo\/wp-json\/wp\/v2\/categories?post=7850"},{"taxonomy":"post_tag","embeddable":true,"href":"https:\/\/www.federacaopaulistadefutsal.com.br\/novo\/wp-json\/wp\/v2\/tags?post=7850"}],"curies":[{"name":"wp","href":"https:\/\/api.w.org\/{rel}","templated":true}]}}