{"id":7864,"date":"2015-12-02T16:45:16","date_gmt":"2015-12-02T16:45:16","guid":{"rendered":"http:\/\/www.federacaopaulistadefutsal.com.br\/?p=7864"},"modified":"2015-12-02T16:45:16","modified_gmt":"2015-12-02T16:45:16","slug":"finais-do-estadual-a1-de-menores-movimentam-ciro-ii-no-proximo-sabado","status":"publish","type":"post","link":"https:\/\/www.federacaopaulistadefutsal.com.br\/novo\/finais-do-estadual-a1-de-menores-movimentam-ciro-ii-no-proximo-sabado\/","title":{"rendered":"Finais do Estadual A1 de menores movimentam Ciro II no pr\u00f3ximo s\u00e1bado"},"content":{"rendered":"<p>&nbsp;<br \/>\nNo pr\u00f3ximo s\u00e1bado (05), no gin\u00e1sio Presidente Ciro II, da Federa\u00e7\u00e3o Paulista de Futebol de Sal\u00e3o (FPFS), come\u00e7am\u00a0as grandes finais do Campeonato Estadual de menores da S\u00e9rie A1. Pelas categorias sub-10, 12, 14, 16 e 17, as equipes de Corinthians, Palmeiras, Tabo\u00e3o da Serra, S\u00e3o Caetano Futsal e Sorocabana brigam por t\u00edtulos na competi\u00e7\u00e3o. Confira as datas e hor\u00e1rios das partidas!<br \/>\n<strong>Jogos de ida (05\/12):\u00a0<\/strong><br \/>\n<strong>Sub-10<\/strong> &#8211; S\u00e3o Caetano Futsal x Palmeiras, a partir das 16h00, no Ciro II.<br \/>\n<strong>Sub-12<\/strong> &#8211; A. Sorocabana x Corinthians, a partir das 17h30, no Ciro II.<br \/>\n<strong>Sub-14<\/strong> &#8211; Corinthians\u00a0x C.A.\u00a0Tabo\u00e3o da Serra, a partir das 16h45, no Ciro II.<br \/>\n<strong>Sub-16<\/strong> &#8211; Palmeiras\u00a0x Corinthians, a partir das 15h00, no Ciro II.<br \/>\n<strong>Sub-17<\/strong> &#8211; Corinthians\u00a0x Palmeiras, a partir das 14h00, no Ciro II.<br \/>\n<strong>IMPORTANTE! &#8211;<\/strong>\u00a0Sobre os jogos de volta entre os times, a Federa\u00e7\u00e3o Paulista de Futebol de Sal\u00e3o (FPFS) informa que ir\u00e1 divulgar, posteriormente, as datas e hor\u00e1rios dos confrontos.<br \/>\n<strong>OBSERVA\u00c7\u00c3O! &#8211;<\/strong>\u00a0Est\u00e1 proibida a perman\u00eancia de torcedores, pais e membros da comiss\u00e3o t\u00e9cnica das equipes junto aos alambrados e nos corredores de passagem, assim como a entrada de latas e garrafas nas depend\u00eancias do gin\u00e1sio.<br \/>\n&nbsp;<br \/>\n&nbsp;<br \/>\nPor Assessoria FPFS<br \/>\n&nbsp;<br \/>\n&nbsp;<br \/>\n&nbsp;<\/p>\n","protected":false},"excerpt":{"rendered":"<p>&nbsp; No pr\u00f3ximo s\u00e1bado (05), no gin\u00e1sio Presidente Ciro II, da Federa\u00e7\u00e3o Paulista de Futebol de Sal\u00e3o (FPFS), come\u00e7am\u00a0as grandes<\/p>\n","protected":false},"author":1,"featured_media":7871,"comment_status":"closed","ping_status":"open","sticky":false,"template":"","format":"standard","meta":{"footnotes":""},"categories":[8,33],"tags":[123,606,734,975,1070,42,1643,1806,2189,2327,2390],"class_list":["post-7864","post","type-post","status-publish","format-standard","has-post-thumbnail","hentry","category-estadual-base-a1","category-menores","tag-a1","tag-ciro-ii","tag-corinthians","tag-estadual","tag-finais","tag-fpfs","tag-menores-2","tag-palmeiras","tag-sao-caetano","tag-sorocabana","tag-taboao-da-serra"],"_links":{"self":[{"href":"https:\/\/www.federacaopaulistadefutsal.com.br\/novo\/wp-json\/wp\/v2\/posts\/7864","targetHints":{"allow":["GET"]}}],"collection":[{"href":"https:\/\/www.federacaopaulistadefutsal.com.br\/novo\/wp-json\/wp\/v2\/posts"}],"about":[{"href":"https:\/\/www.federacaopaulistadefutsal.com.br\/novo\/wp-json\/wp\/v2\/types\/post"}],"author":[{"embeddable":true,"href":"https:\/\/www.federacaopaulistadefutsal.com.br\/novo\/wp-json\/wp\/v2\/users\/1"}],"replies":[{"embeddable":true,"href":"https:\/\/www.federacaopaulistadefutsal.com.br\/novo\/wp-json\/wp\/v2\/comments?post=7864"}],"version-history":[{"count":0,"href":"https:\/\/www.federacaopaulistadefutsal.com.br\/novo\/wp-json\/wp\/v2\/posts\/7864\/revisions"}],"wp:featuredmedia":[{"embeddable":true,"href":"https:\/\/www.federacaopaulistadefutsal.com.br\/novo\/wp-json\/"}],"wp:attachment":[{"href":"https:\/\/www.federacaopaulistadefutsal.com.br\/novo\/wp-json\/wp\/v2\/media?parent=7864"}],"wp:term":[{"taxonomy":"category","embeddable":true,"href":"https:\/\/www.federacaopaulistadefutsal.com.br\/novo\/wp-json\/wp\/v2\/categories?post=7864"},{"taxonomy":"post_tag","embeddable":true,"href":"https:\/\/www.federacaopaulistadefutsal.com.br\/novo\/wp-json\/wp\/v2\/tags?post=7864"}],"curies":[{"name":"wp","href":"https:\/\/api.w.org\/{rel}","templated":true}]}}