{"id":7866,"date":"2015-12-02T17:15:25","date_gmt":"2015-12-02T17:15:25","guid":{"rendered":"http:\/\/www.federacaopaulistadefutsal.com.br\/?p=7866"},"modified":"2015-12-02T17:15:25","modified_gmt":"2015-12-02T17:15:25","slug":"finais-do-estadual-a2-de-menores-movimentam-ciro-ii-da-fpfs","status":"publish","type":"post","link":"https:\/\/www.federacaopaulistadefutsal.com.br\/novo\/finais-do-estadual-a2-de-menores-movimentam-ciro-ii-da-fpfs\/","title":{"rendered":"Finais do Estadual A2 de menores movimentam Ciro II, da FPFS"},"content":{"rendered":"<p>&nbsp;<br \/>\nNos dias 06 e 13 de dezembro, no gin\u00e1sio Presidente Ciro II, da Federa\u00e7\u00e3o Paulista de Futebol de Sal\u00e3o (FPFS), acontecem\u00a0as grandes finais do Campeonato Estadual de menores da S\u00e9rie A2. Pelas categorias sub-10, 12, 14, 16 e 17, as equipes de A.A. Praia Grande, Lausanne Paulista, Santo Andr\u00e9 Futsal, S\u00e3o Bernardo, S\u00e3o Jos\u00e9, S\u00e3o Paulo e Wimpro\u00a0brigam por t\u00edtulos na competi\u00e7\u00e3o. Confira as datas e hor\u00e1rios das partidas!<br \/>\n<strong>Jogos de ida (06\/12):<\/strong><br \/>\n<strong>Sub-10<\/strong> &#8211; Lausanne Paulista F.C. x A.A. Praia Grande\/Ocian P.C., a partir das 12h00, no Ciro II.<br \/>\n<strong>Sub-12<\/strong> &#8211; Santo Andr\u00e9 Futsal\/L.A.F. x A.D. Wimpro, a partir das 09h30, no Ciro II.<br \/>\n<strong>Sub-14<\/strong> &#8211; A.D.C. S\u00e3o Bernardo\/Mesc x\u00a0A.A. Praia Grande\/Ocian P.C., a partir das 10h15, no Ciro II.<br \/>\n<strong>Sub-16<\/strong> &#8211; S\u00e3o Jos\u00e9 Futsal\/Atleta Cidad\u00e3o\u00a0x\u00a0A.A. Praia Grande\/Ocian P.C., a partir das 11h00, no Ciro II.<br \/>\n<strong>Sub-17<\/strong> &#8211; S\u00e3o Paulo F.C.\u00a0x A.D. Wimpro, a partir das 08h30, no Ciro II.<br \/>\n<strong>Jogos de volta (13\/12):<\/strong><br \/>\n<strong>Sub-10<\/strong> &#8211; A.A. Praia Grande\/Ocian P.C. x Lausanne Paulista F.C., a partir das 13h00, no Ciro II.<br \/>\n<strong>Sub-12<\/strong> &#8211; A.D. Wimpro x Santo Andr\u00e9 Futsal\/L.A.F., a partir das 10h00, no Ciro II.<br \/>\n<strong>Sub-14<\/strong> &#8211; A.A. Praia Grande\/Ocian P.C. x A.D.C. S\u00e3o Bernardo\/Mesc, a partir das 11h00, no Ciro II.<br \/>\n<strong>Sub-16<\/strong> &#8211; A.A. Praia Grande\/Ocian P.C. x S\u00e3o Jos\u00e9 Futsal\/Atleta Cidad\u00e3o, a partir das 12h00, no Ciro II.<br \/>\n<strong>Sub-17<\/strong> &#8211; A.D. Wimpro x S\u00e3o Paulo F.C., a partir das 09h00, no Ciro II.<br \/>\n<strong>OBSERVA\u00c7\u00c3O! &#8211;<\/strong>\u00a0Est\u00e1 proibida a perman\u00eancia de torcedores, pais e membros da comiss\u00e3o t\u00e9cnica das equipes junto aos alambrados e nos corredores de passagem, assim como a entrada de latas e garrafas nas depend\u00eancias do gin\u00e1sio.<br \/>\n&nbsp;<br \/>\nPor Assessoria FPFS<\/p>\n","protected":false},"excerpt":{"rendered":"<p>&nbsp; Nos dias 06 e 13 de dezembro, no gin\u00e1sio Presidente Ciro II, da Federa\u00e7\u00e3o Paulista de Futebol de Sal\u00e3o<\/p>\n","protected":false},"author":1,"featured_media":7871,"comment_status":"closed","ping_status":"open","sticky":false,"template":"","format":"standard","meta":{"footnotes":""},"categories":[17,33],"tags":[124,606,789,975,1070,42,1490,1643,1933,2181,2187,2198,2207,2620],"class_list":["post-7866","post","type-post","status-publish","format-standard","has-post-thumbnail","hentry","category-estadual-base-a2","category-menores","tag-a2","tag-ciro-ii","tag-decisoes","tag-estadual","tag-finais","tag-fpfs","tag-lausanne-paulista","tag-menores-2","tag-praia-grande","tag-santo-andre","tag-sao-bernardo","tag-sao-jose","tag-sao-paulo","tag-wimpro"],"_links":{"self":[{"href":"https:\/\/www.federacaopaulistadefutsal.com.br\/novo\/wp-json\/wp\/v2\/posts\/7866","targetHints":{"allow":["GET"]}}],"collection":[{"href":"https:\/\/www.federacaopaulistadefutsal.com.br\/novo\/wp-json\/wp\/v2\/posts"}],"about":[{"href":"https:\/\/www.federacaopaulistadefutsal.com.br\/novo\/wp-json\/wp\/v2\/types\/post"}],"author":[{"embeddable":true,"href":"https:\/\/www.federacaopaulistadefutsal.com.br\/novo\/wp-json\/wp\/v2\/users\/1"}],"replies":[{"embeddable":true,"href":"https:\/\/www.federacaopaulistadefutsal.com.br\/novo\/wp-json\/wp\/v2\/comments?post=7866"}],"version-history":[{"count":0,"href":"https:\/\/www.federacaopaulistadefutsal.com.br\/novo\/wp-json\/wp\/v2\/posts\/7866\/revisions"}],"wp:featuredmedia":[{"embeddable":true,"href":"https:\/\/www.federacaopaulistadefutsal.com.br\/novo\/wp-json\/"}],"wp:attachment":[{"href":"https:\/\/www.federacaopaulistadefutsal.com.br\/novo\/wp-json\/wp\/v2\/media?parent=7866"}],"wp:term":[{"taxonomy":"category","embeddable":true,"href":"https:\/\/www.federacaopaulistadefutsal.com.br\/novo\/wp-json\/wp\/v2\/categories?post=7866"},{"taxonomy":"post_tag","embeddable":true,"href":"https:\/\/www.federacaopaulistadefutsal.com.br\/novo\/wp-json\/wp\/v2\/tags?post=7866"}],"curies":[{"name":"wp","href":"https:\/\/api.w.org\/{rel}","templated":true}]}}