{"id":7897,"date":"2015-12-03T18:00:45","date_gmt":"2015-12-03T18:00:45","guid":{"rendered":"http:\/\/www.federacaopaulistadefutsal.com.br\/?p=7897"},"modified":"2015-12-03T18:00:45","modified_gmt":"2015-12-03T18:00:45","slug":"wimpro-realiza-peneiras-para-reforcar-equipes-sub-14-e-16","status":"publish","type":"post","link":"https:\/\/www.federacaopaulistadefutsal.com.br\/novo\/wimpro-realiza-peneiras-para-reforcar-equipes-sub-14-e-16\/","title":{"rendered":"Wimpro realiza peneiras para refor\u00e7ar equipes sub-14 e 16"},"content":{"rendered":"<p>&nbsp;<br \/>\nVisando refor\u00e7ar suas equipes de menores para a pr\u00f3xima temporada, a Wimpro, de Guarulhos-SP,\u00a0realiza peneiras para atletas federados das categorias sub-14 e 16 (nascidos em 2002 e 2000, respectivamente). Os testes est\u00e3o marcados para os dias 10\u00a0e 15 de dezembro, no gin\u00e1sio da Wimpro. Confira!<br \/>\n<strong>Datas e hor\u00e1rios das peneiras: \u00a0<\/strong><br \/>\n<strong>Sub-14 &#8211;<\/strong> Dia 10\u00a0de dezembro, quinta-feira, a partir das 17h30.<br \/>\nDia 15 de dezembro, ter\u00e7a-feira, a partir das 17h30.<br \/>\n<strong>Sub-16 &#8211;<\/strong> Dia 10\u00a0de dezembro, quinta-feira, a partir das 16h00.<br \/>\nDia 15 de dezembro, ter\u00e7a-feira, a partir das 16h00.<br \/>\n<strong>Endere\u00e7o do gin\u00e1sio da Wimpro:\u00a0<\/strong><br \/>\nAvenida Milton, 515 &#8211; Vila Galv\u00e3o, Guarulhos-SP.<br \/>\n<strong>Para mais informa\u00e7\u00f5es:<\/strong><br \/>\nFavor entrar em contato com\u00a0Matheus\u00a0&#8211; Telefone: (11) 98295-9193.<br \/>\n<strong>IMPORTANTE!<\/strong> &#8211; Para a realiza\u00e7\u00e3o dos testes, os atletas devem levar R.G, atestado m\u00e9dico, caso tenham, e comparecer trajados de uniforme e material esportivo para a pr\u00e1tica do futsal.<br \/>\n&nbsp;<br \/>\nPor Assessoria FPFS<br \/>\nCom informa\u00e7\u00f5es: Rodrigo Moura\/Wimpro<br \/>\nFoto: Divulga\u00e7\u00e3o<\/p>\n","protected":false},"excerpt":{"rendered":"<p>&nbsp; Visando refor\u00e7ar suas equipes de menores para a pr\u00f3xima temporada, a Wimpro, de Guarulhos-SP,\u00a0realiza peneiras para atletas federados das<\/p>\n","protected":false},"author":1,"featured_media":7780,"comment_status":"closed","ping_status":"open","sticky":false,"template":"","format":"standard","meta":{"footnotes":""},"categories":[25,33],"tags":[948,1247,1643,43,2061,2348,2351,2449,2620],"class_list":["post-7897","post","type-post","status-publish","format-standard","has-post-thumbnail","hentry","category-destaques","category-menores","tag-equipes","tag-guarulhos","tag-menores-2","tag-peneiras","tag-reforcar","tag-sub-14","tag-sub-16","tag-testes","tag-wimpro"],"_links":{"self":[{"href":"https:\/\/www.federacaopaulistadefutsal.com.br\/novo\/wp-json\/wp\/v2\/posts\/7897","targetHints":{"allow":["GET"]}}],"collection":[{"href":"https:\/\/www.federacaopaulistadefutsal.com.br\/novo\/wp-json\/wp\/v2\/posts"}],"about":[{"href":"https:\/\/www.federacaopaulistadefutsal.com.br\/novo\/wp-json\/wp\/v2\/types\/post"}],"author":[{"embeddable":true,"href":"https:\/\/www.federacaopaulistadefutsal.com.br\/novo\/wp-json\/wp\/v2\/users\/1"}],"replies":[{"embeddable":true,"href":"https:\/\/www.federacaopaulistadefutsal.com.br\/novo\/wp-json\/wp\/v2\/comments?post=7897"}],"version-history":[{"count":0,"href":"https:\/\/www.federacaopaulistadefutsal.com.br\/novo\/wp-json\/wp\/v2\/posts\/7897\/revisions"}],"wp:featuredmedia":[{"embeddable":true,"href":"https:\/\/www.federacaopaulistadefutsal.com.br\/novo\/wp-json\/"}],"wp:attachment":[{"href":"https:\/\/www.federacaopaulistadefutsal.com.br\/novo\/wp-json\/wp\/v2\/media?parent=7897"}],"wp:term":[{"taxonomy":"category","embeddable":true,"href":"https:\/\/www.federacaopaulistadefutsal.com.br\/novo\/wp-json\/wp\/v2\/categories?post=7897"},{"taxonomy":"post_tag","embeddable":true,"href":"https:\/\/www.federacaopaulistadefutsal.com.br\/novo\/wp-json\/wp\/v2\/tags?post=7897"}],"curies":[{"name":"wp","href":"https:\/\/api.w.org\/{rel}","templated":true}]}}