{"id":7900,"date":"2015-12-03T22:29:57","date_gmt":"2015-12-03T22:29:57","guid":{"rendered":"http:\/\/www.federacaopaulistadefutsal.com.br\/?p=7900"},"modified":"2015-12-03T22:29:57","modified_gmt":"2015-12-03T22:29:57","slug":"thiago-santi-ex-preparador-fisico-do-pulo-do-gato-conquista-copa-do-brasil-com-palmeiras","status":"publish","type":"post","link":"https:\/\/www.federacaopaulistadefutsal.com.br\/novo\/thiago-santi-ex-preparador-fisico-do-pulo-do-gato-conquista-copa-do-brasil-com-palmeiras\/","title":{"rendered":"Thiago Santi, ex-preparador f\u00edsico do Pulo do Gato, conquista Copa do Brasil com Palmeiras"},"content":{"rendered":"<p>&nbsp;<br \/>\nCome\u00e7ou no Pulo do Gato, de Campinas-SP, ainda cedo, aos 15 anos de idade; e tamb\u00e9m jogou pelas categorias de menores sub-15 e 17 da equipe, al\u00e9m das de maiores, pelo sub-20. Trata-se de Thiago Santi que, formado em educa\u00e7\u00e3o f\u00edsica na PUC, foi membro da comiss\u00e3o t\u00e9cnica do time campineiro como preparador f\u00edsico e, hoje, comemora t\u00edtulo da Copa do Brasil com o Palmeiras, pelo futebol, exercendo o mesmo cargo.<br \/>\nAtrav\u00e9s do seu site oficial, o Pulo do Gato parabenizou Santi pela conquista com o alviverde, declarando-o como um dos melhores preparadores f\u00edsicos do pa\u00eds. No Pulo, Thiago trabalhou\u00a0por duas temporadas, ao lado de Jefferson Novaes, t\u00e9cnico de futsal.<br \/>\n&nbsp;<br \/>\nPor Assessoria FPFS<br \/>\nCom informa\u00e7\u00f5es: pulodogato.com.br<br \/>\nFoto: Divulga\u00e7\u00e3o\/Pulo do Gato<\/p>\n","protected":false},"excerpt":{"rendered":"<p>&nbsp; Come\u00e7ou no Pulo do Gato, de Campinas-SP, ainda cedo, aos 15 anos de idade; e tamb\u00e9m jogou pelas categorias<\/p>\n","protected":false},"author":1,"featured_media":7901,"comment_status":"closed","ping_status":"open","sticky":false,"template":"","format":"standard","meta":{"footnotes":""},"categories":[25],"tags":[469,494,496,678,709,827,1085,1127,1131,1806,1951,1982,2178,2451,2462],"class_list":["post-7900","post","type-post","status-publish","format-standard","has-post-thumbnail","hentry","category-destaques","tag-campeao","tag-campinas","tag-campineiro","tag-conquista","tag-copa-do-brasil","tag-destaque","tag-fisico","tag-futebol","tag-futsal","tag-palmeiras","tag-preparador","tag-profissional","tag-santi","tag-thiago","tag-titulo"],"_links":{"self":[{"href":"https:\/\/www.federacaopaulistadefutsal.com.br\/novo\/wp-json\/wp\/v2\/posts\/7900","targetHints":{"allow":["GET"]}}],"collection":[{"href":"https:\/\/www.federacaopaulistadefutsal.com.br\/novo\/wp-json\/wp\/v2\/posts"}],"about":[{"href":"https:\/\/www.federacaopaulistadefutsal.com.br\/novo\/wp-json\/wp\/v2\/types\/post"}],"author":[{"embeddable":true,"href":"https:\/\/www.federacaopaulistadefutsal.com.br\/novo\/wp-json\/wp\/v2\/users\/1"}],"replies":[{"embeddable":true,"href":"https:\/\/www.federacaopaulistadefutsal.com.br\/novo\/wp-json\/wp\/v2\/comments?post=7900"}],"version-history":[{"count":0,"href":"https:\/\/www.federacaopaulistadefutsal.com.br\/novo\/wp-json\/wp\/v2\/posts\/7900\/revisions"}],"wp:featuredmedia":[{"embeddable":true,"href":"https:\/\/www.federacaopaulistadefutsal.com.br\/novo\/wp-json\/"}],"wp:attachment":[{"href":"https:\/\/www.federacaopaulistadefutsal.com.br\/novo\/wp-json\/wp\/v2\/media?parent=7900"}],"wp:term":[{"taxonomy":"category","embeddable":true,"href":"https:\/\/www.federacaopaulistadefutsal.com.br\/novo\/wp-json\/wp\/v2\/categories?post=7900"},{"taxonomy":"post_tag","embeddable":true,"href":"https:\/\/www.federacaopaulistadefutsal.com.br\/novo\/wp-json\/wp\/v2\/tags?post=7900"}],"curies":[{"name":"wp","href":"https:\/\/api.w.org\/{rel}","templated":true}]}}