{"id":7934,"date":"2015-12-05T08:35:53","date_gmt":"2015-12-05T08:35:53","guid":{"rendered":"http:\/\/www.federacaopaulistadefutsal.com.br\/?p=7934"},"modified":"2015-12-05T08:35:53","modified_gmt":"2015-12-05T08:35:53","slug":"goleiro-do-sorocaba-tata-nao-renova-com-time-e-esta-livre-para-negociar-com-equipes","status":"publish","type":"post","link":"https:\/\/www.federacaopaulistadefutsal.com.br\/novo\/goleiro-do-sorocaba-tata-nao-renova-com-time-e-esta-livre-para-negociar-com-equipes\/","title":{"rendered":"Goleiro do Sorocaba, Tat\u00e1 n\u00e3o renova com time e est\u00e1 livre para negociar com equipes"},"content":{"rendered":"<p>&nbsp;<br \/>\nCom passagens por Corinthians, A.D. S\u00e3o Bernardo, S\u00e3o Caetano e sele\u00e7\u00e3o brasileira universit\u00e1ria, Tarcisio Canossa, mais conhecido como &#8220;Tat\u00e1&#8221;, vestiu a camisa do Sorocaba, do craque Falc\u00e3o, nesta temporada. Agora, o goleiro, que n\u00e3o renovou contrato com o time do interior paulista, est\u00e1 livre para negociar com outras equipes.<br \/>\n<strong>&#8220;Gostaria de agradecer a todos que abriram as portas este ano no Brasil Kirin e confiaram no meu trabalho. Infelizmente n\u00e3o chegamos a um acordo para 2016 e irei deixar a equipe ap\u00f3s os compromissos. Temos a final da Copa Libertadores nos dias 4 e 5 e, depois, na semana que vem os Jogos Abertos, finalizando a temporada. Tivemos algumas conquistas, outras nem tanto, mas valeu a experi\u00eancia adquirida no cotidiano com atletas renomados e de alto n\u00edvel. Agora, com futuro incerto pro ano que vem, estou aberto \u00e0 propostas, sejam do Estado de SP ou de fora, e seguir minha carreira em outro clube&#8221;,<\/strong> disse o goleiro.<br \/>\n<strong>Hist\u00f3rico de Tat\u00e1<\/strong><br \/>\nNo ano de 2009, o arqueiro vestiu a camisa do Corinthians sub-20, que \u00e0quela \u00e9poca fazia parceria com o S\u00e3o Caetano Futsal; o goleiro conquistou t\u00edtulos dentro e fora do Brasil com o time alvinegro. Um ano depois, &#8220;Tat\u00e1&#8221;, permanecendo na equipe do Parque S\u00e3o Jorge, atuou pelo profissional, ao lado de personalidades do futsal\u00a0como Emerson Salino e Leandro De Martini.<br \/>\nNa temporada 2012, o goleiro jogou no mesmo grupo que o companheiro de posi\u00e7\u00e3o Frankilin, bicampe\u00e3o mundial com a sele\u00e7\u00e3o brasileira, e com Guiga, ex-Maca\u00e9, e Ca\u00edque, promovido da equipe sub-20 \u00e0 principal do Tim\u00e3o. Por\u00e9m, depois de ser eliminado com o Corinthians das ligas Paulista e Nacional, o v\u00ednculo de Tat\u00e1 com o clube alvinegro se encerrou.<br \/>\nNo ano seguinte, em 2013, o arqueiro foi para o S\u00e3o Caetano, onde conquistou o t\u00edtulo da antiga Copa Federa\u00e7\u00e3o, hoje Copa Paulista de Futsal; curiosamente vencida contra o Corinthians, time anterior do goleiro. Ap\u00f3s dois anos defendendo a camisa do time do ABC paulista, &#8220;Tat\u00e1&#8221; se transferiu para o Sorocaba, do craque Falc\u00e3o, equipe em que atuou ao lado do companheiro de posi\u00e7\u00e3o Tiago, eleito pela FIFA o melhor goleiro do mundo em 2008.<br \/>\n&nbsp;<br \/>\nPor Assessoria FPFS<br \/>\nCom informa\u00e7\u00f5es:\u00a0LigaPaulistaFutsal.com.br<br \/>\nFoto: Reprodu\u00e7\u00e3o\/LigaPaulistaFutsal.com.br<br \/>\n&nbsp;<br \/>\n&nbsp;<br \/>\n&nbsp;<\/p>\n","protected":false},"excerpt":{"rendered":"<p>&nbsp; Com passagens por Corinthians, A.D. S\u00e3o Bernardo, S\u00e3o Caetano e sele\u00e7\u00e3o brasileira universit\u00e1ria, Tarcisio Canossa, mais conhecido como &#8220;Tat\u00e1&#8221;,<\/p>\n","protected":false},"author":1,"featured_media":7935,"comment_status":"closed","ping_status":"open","sticky":false,"template":"","format":"standard","meta":{"footnotes":""},"categories":[25,32],"tags":[271,529,629,1205,1267,1334,1545,1645,1719,1721,2325,2407,2409],"class_list":["post-7934","post","type-post","status-publish","format-standard","has-post-thumbnail","hentry","category-destaques","category-maiores","tag-arqueiro","tag-carreira","tag-clubes","tag-goleiro","tag-historico","tag-interior","tag-livre","tag-mercado","tag-negociacoes","tag-negociar","tag-sorocaba","tag-tarcisio","tag-tata"],"_links":{"self":[{"href":"https:\/\/www.federacaopaulistadefutsal.com.br\/novo\/wp-json\/wp\/v2\/posts\/7934","targetHints":{"allow":["GET"]}}],"collection":[{"href":"https:\/\/www.federacaopaulistadefutsal.com.br\/novo\/wp-json\/wp\/v2\/posts"}],"about":[{"href":"https:\/\/www.federacaopaulistadefutsal.com.br\/novo\/wp-json\/wp\/v2\/types\/post"}],"author":[{"embeddable":true,"href":"https:\/\/www.federacaopaulistadefutsal.com.br\/novo\/wp-json\/wp\/v2\/users\/1"}],"replies":[{"embeddable":true,"href":"https:\/\/www.federacaopaulistadefutsal.com.br\/novo\/wp-json\/wp\/v2\/comments?post=7934"}],"version-history":[{"count":0,"href":"https:\/\/www.federacaopaulistadefutsal.com.br\/novo\/wp-json\/wp\/v2\/posts\/7934\/revisions"}],"wp:featuredmedia":[{"embeddable":true,"href":"https:\/\/www.federacaopaulistadefutsal.com.br\/novo\/wp-json\/"}],"wp:attachment":[{"href":"https:\/\/www.federacaopaulistadefutsal.com.br\/novo\/wp-json\/wp\/v2\/media?parent=7934"}],"wp:term":[{"taxonomy":"category","embeddable":true,"href":"https:\/\/www.federacaopaulistadefutsal.com.br\/novo\/wp-json\/wp\/v2\/categories?post=7934"},{"taxonomy":"post_tag","embeddable":true,"href":"https:\/\/www.federacaopaulistadefutsal.com.br\/novo\/wp-json\/wp\/v2\/tags?post=7934"}],"curies":[{"name":"wp","href":"https:\/\/api.w.org\/{rel}","templated":true}]}}