{"id":7957,"date":"2015-12-07T14:45:06","date_gmt":"2015-12-07T14:45:06","guid":{"rendered":"http:\/\/www.federacaopaulistadefutsal.com.br\/?p=7957"},"modified":"2015-12-07T14:45:06","modified_gmt":"2015-12-07T14:45:06","slug":"lausanne-praia-grande-santo-andre-sao-bernardo-sao-jose-sao-paulo-e-wimpro-fazem-finais-do-estadual-a2","status":"publish","type":"post","link":"https:\/\/www.federacaopaulistadefutsal.com.br\/novo\/lausanne-praia-grande-santo-andre-sao-bernardo-sao-jose-sao-paulo-e-wimpro-fazem-finais-do-estadual-a2\/","title":{"rendered":"Lausanne, Praia Grande, Santo Andr\u00e9, S\u00e3o Bernardo, S\u00e3o Jos\u00e9, S\u00e3o Paulo e Wimpro fazem finais do Estadual A2"},"content":{"rendered":"<p>&nbsp;<br \/>\nNo \u00faltimo domingo\u00a0(06), em partidas v\u00e1lidas pelos primeiros confrontos das finais do Campeonato Estadual A2 de menores, categorias sub-10, 12, 14, 16 e 17, as equipes de A.A. Praia Grande, Lausanne Paulista, Santo Andr\u00e9 Futsal, S\u00e3o Bernardo, S\u00e3o Jos\u00e9, S\u00e3o Paulo e Wimpro entraram em quadra no gin\u00e1sio Presidente Ciro II, da Federa\u00e7\u00e3o Paulista de Futebol de Sal\u00e3o (FPFS). Confira os resultados dos jogos!<br \/>\n<strong>Sub-10<\/strong> &#8211; Lausanne Paulista F.C. 3 x 4 A.A. Praia Grande\/Ocian P.C.<br \/>\n<strong>Sub-12<\/strong> &#8211; Santo Andr\u00e9 Futsal\/L.A.F. 2 x 3 A.D. Wimpro.<br \/>\n<strong>Sub-14<\/strong> &#8211; A.D.C. S\u00e3o Bernardo\/Mesc 3 x 5 A.A. Praia Grande\/Ocian P.C.<br \/>\n<strong>Sub-16<\/strong> &#8211; S\u00e3o Jos\u00e9 Futsal\/Atleta Cidad\u00e3o 4 x 3 A.A. Praia Grande\/Ocian P.C.<br \/>\n<strong>Sub-17<\/strong> &#8211; S\u00e3o Paulo F.C. 1 x 5 A.D. Wimpro.<br \/>\nPela decis\u00e3o do Estadual sub-10, os meninos da A.A. Praia Grande, em duelo equilibrado,\u00a0venceram Lausanne Paulista por 4 a 3 e, agora, precisam apenas do empate por qualquer placar para ficarem com a ta\u00e7a. Pelo sub-12, a garotada da Wimpro\u00a0bateu o Santo Andr\u00e9 Futsal por 3 a 2 e, para o jogo de volta, t\u00eam que empatar para conquistarem o t\u00edtulo.<br \/>\nPela categoria sub-14, os garotos da\u00a0A.A. Praia Grande venceram a molecada do S\u00e3o Bernardo\u00a0pelo placar de 5\u00a0a 3\u00a0e, para o segundo e decisivo duelo contra o time bernardense, precisam do empate para conquistarem o Estadual. Em confronto bastante disputado dentro das quatro linhas, pelo sub-16, o S\u00e3o Jos\u00e9 Futsal\u00a0bateu o time do litoral paulista\u00a0por 4\u00a0a 3 e, agora, ficar\u00e3o com a ta\u00e7a caso empatem o jogo da volta.<br \/>\nFechando as partidas de finalistas da competi\u00e7\u00e3o, a Wimpro, pelo sub-17, goleou o S\u00e3o Paulo\u00a0pelo placar de 5\u00a0a 1. Com o resultado, os garotos do time de Guarulhos-SP t\u00eam que empatar para ficarem com o t\u00edtulo. J\u00e1 a garotada do Tricolor, precisa de, no m\u00ednimo, vit\u00f3ria no tempo normal e empate na prorroga\u00e7\u00e3o para levantar a ta\u00e7a.<br \/>\nAgora, pelos segundos e decisivos confrontos do Campeonato Estadual de menores da S\u00e9rie A2, as equipes se enfrentam novamente no gin\u00e1sio Presidente Ciro II, da Federa\u00e7\u00e3o Paulista de Futebol de Sal\u00e3o (FPFS). Confira abaixo as datas e hor\u00e1rios das partidas!<br \/>\n<strong>(13\/12) &#8211; Jogos de volta das final\u00edssimas do Estadual A2\u00a0<\/strong><br \/>\n<strong>Sub-10<\/strong> &#8211; A.A. Praia Grande\/Ocian P.C. x Lausanne Paulista F.C., a partir das 13h00.<br \/>\n<strong>Sub-12<\/strong> &#8211; A.D. Wimpro x Santo Andr\u00e9 Futsal\/L.A.F., a partir das 10h00.<br \/>\n<strong>Sub-14<\/strong> &#8211; A.A. Praia Grande\/Ocian P.C. x A.D.C. S\u00e3o Bernardo\/Mesc, a partir das 11h00.<br \/>\n<strong>Sub-16<\/strong> &#8211; A.A. Praia Grande\/Ocian P.C. x S\u00e3o Jos\u00e9 Futsal\/Atleta Cidad\u00e3o, a partir das 12h00.<br \/>\n<strong>Sub-17<\/strong> &#8211; A.D. Wimpro x S\u00e3o Paulo F.C., a partir das 09h00.<br \/>\n<strong>Crescimento do Estadual de menores<\/strong><br \/>\nNesta temporada, em rela\u00e7\u00e3o ao ano passado, o n\u00edvel n\u00e3o apenas dos atletas, mas dos t\u00e9cnicos e das comiss\u00f5es t\u00e9cnicas, de maneira geral, tem crescido de maneiras surpreendentes, especialmente nos playoffs da competi\u00e7\u00e3o paulista. Os times t\u00eam se equilibrado, e muito, dentro das quatro linhas, se diferenciando, por\u00e9m, atrav\u00e9s dos garotos, craques de bola, que surgem a cada partida do Estadual.<br \/>\n<strong>OBSERVA\u00c7\u00c3O! &#8211;<\/strong>\u00a0Para os jogos de volta, est\u00e1 proibida a perman\u00eancia de torcedores, pais e membros da comiss\u00e3o t\u00e9cnica das equipes junto aos alambrados e nos corredores de passagem, assim como a entrada de latas e garrafas nas depend\u00eancias do gin\u00e1sio.<br \/>\n&nbsp;<br \/>\nPor Assessoria FPFS<\/p>\n","protected":false},"excerpt":{"rendered":"<p>&nbsp; No \u00faltimo domingo\u00a0(06), em partidas v\u00e1lidas pelos primeiros confrontos das finais do Campeonato Estadual A2 de menores, categorias sub-10,<\/p>\n","protected":false},"author":1,"featured_media":7953,"comment_status":"closed","ping_status":"open","sticky":false,"template":"","format":"standard","meta":{"footnotes":""},"categories":[17,33],"tags":[124,606,785,975,1070,42,1490,1643,1835,1933,2181,2187,2198,2207,2620],"class_list":["post-7957","post","type-post","status-publish","format-standard","has-post-thumbnail","hentry","category-estadual-base-a2","category-menores","tag-a2","tag-ciro-ii","tag-decisao","tag-estadual","tag-finais","tag-fpfs","tag-lausanne-paulista","tag-menores-2","tag-paulista","tag-praia-grande","tag-santo-andre","tag-sao-bernardo","tag-sao-jose","tag-sao-paulo","tag-wimpro"],"_links":{"self":[{"href":"https:\/\/www.federacaopaulistadefutsal.com.br\/novo\/wp-json\/wp\/v2\/posts\/7957","targetHints":{"allow":["GET"]}}],"collection":[{"href":"https:\/\/www.federacaopaulistadefutsal.com.br\/novo\/wp-json\/wp\/v2\/posts"}],"about":[{"href":"https:\/\/www.federacaopaulistadefutsal.com.br\/novo\/wp-json\/wp\/v2\/types\/post"}],"author":[{"embeddable":true,"href":"https:\/\/www.federacaopaulistadefutsal.com.br\/novo\/wp-json\/wp\/v2\/users\/1"}],"replies":[{"embeddable":true,"href":"https:\/\/www.federacaopaulistadefutsal.com.br\/novo\/wp-json\/wp\/v2\/comments?post=7957"}],"version-history":[{"count":0,"href":"https:\/\/www.federacaopaulistadefutsal.com.br\/novo\/wp-json\/wp\/v2\/posts\/7957\/revisions"}],"wp:featuredmedia":[{"embeddable":true,"href":"https:\/\/www.federacaopaulistadefutsal.com.br\/novo\/wp-json\/"}],"wp:attachment":[{"href":"https:\/\/www.federacaopaulistadefutsal.com.br\/novo\/wp-json\/wp\/v2\/media?parent=7957"}],"wp:term":[{"taxonomy":"category","embeddable":true,"href":"https:\/\/www.federacaopaulistadefutsal.com.br\/novo\/wp-json\/wp\/v2\/categories?post=7957"},{"taxonomy":"post_tag","embeddable":true,"href":"https:\/\/www.federacaopaulistadefutsal.com.br\/novo\/wp-json\/wp\/v2\/tags?post=7957"}],"curies":[{"name":"wp","href":"https:\/\/api.w.org\/{rel}","templated":true}]}}