{"id":7968,"date":"2015-12-07T23:00:57","date_gmt":"2015-12-07T23:00:57","guid":{"rendered":"http:\/\/www.federacaopaulistadefutsal.com.br\/?p=7968"},"modified":"2015-12-07T23:00:57","modified_gmt":"2015-12-07T23:00:57","slug":"visando-reforcar-equipes-de-menores-liga-leste-reabilitar-realiza-peneiras","status":"publish","type":"post","link":"https:\/\/www.federacaopaulistadefutsal.com.br\/novo\/visando-reforcar-equipes-de-menores-liga-leste-reabilitar-realiza-peneiras\/","title":{"rendered":"Visando refor\u00e7ar equipes de menores, Liga Leste Reabilitar realiza peneiras"},"content":{"rendered":"<p>&nbsp;<br \/>\nVisando refor\u00e7ar suas equipes de menores para a pr\u00f3xima temporada, a equipe da Liga Leste Reabilitar\u00a0realiza peneiras para atletas das categorias sub-10, 12, 14, 16 e 17\u00a0(nascidos de 1999 a 2007). Os testes acontecem nos bairros de Sapopemba e Itaquera, ambos na zona leste de S\u00e3o Paulo-SP. Confira!<br \/>\n<strong>Datas e hor\u00e1rios das peneiras:\u00a0<\/strong><br \/>\n<strong>Sub-08 &#8211; <\/strong>\u00e0s ter\u00e7as-feiras e quintas-feiras, a partir das 19h00 &#8211; Com o prof. Leandro.<br \/>\n<strong>Sub-09 &#8211;<\/strong> \u00e0s ter\u00e7as-feiras e quintas-feiras, a partir das 19h00 &#8211; Com o prof. Leandro.<strong><br \/>\nSub-10 &#8211;<\/strong>\u00a0\u00e0s quartas-feiras, a partir das 20h00 &#8211; Com o prof. Andr\u00e9.<br \/>\n<strong>Sub-14 &#8211;<\/strong> \u00e0s quartas-feiras, a partir das 19h00 &#8211; Com a prof. S\u00e9rgio.<br \/>\n<strong>Endere\u00e7o: Rua Dr. Aiose, n\u00ba 151 &#8211; Vila Verde\/Itaquera (Academia Spah)<\/strong><br \/>\n<strong>Sub-12 &#8211;<\/strong> \u00e0s sextas-feiras, a partir das 19h00 &#8211; Com a prof. Adriana.<br \/>\n<strong>Endere\u00e7o:C.E.I. Teot\u00f4nio Vilela &#8211; Rua Carlo Clausetti, 19 &#8211; Conjunto Habit. Teot\u00f4nio Vilela\/Sapopemba.<\/strong><br \/>\n<strong>Sub-16 &#8211;<\/strong> \u00e0s ter\u00e7as e quintas-feiras, a partir das 20h00 &#8211; Com o prof. Luiz Carlos (Zizo).<strong>Sub-17 &#8211;<\/strong> \u00e0s ter\u00e7as e quintas-feiras, a partir das 19h00 &#8211;\u00a0Com o prof. Luiz Carlos (Zizo).<br \/>\n<strong>Endere\u00e7o: Rua Senador Georgino Avelino, n\u00ba 13 &#8211; Itaquera (Academia Opus)<\/strong><br \/>\n<strong>Para mais informa\u00e7\u00f5es:<br \/>\n<\/strong>Para informa\u00e7\u00f5es sobre os endere\u00e7os das peneiras para cada categoria ou qualquer outra em rela\u00e7\u00e3o aos testes, favor entrar em contato com Prof. Adriana (98637-3589)\/ Prof. S\u00e9rgio (99443-7053).<br \/>\n<strong>IMPORTANTE!<\/strong> &#8211; Para a realiza\u00e7\u00e3o dos testes, os atletas devem levar documenta\u00e7\u00e3o (R.G ou certid\u00e3o de nascimento) e comparecer trajados de uniforme e material esportivo para a pr\u00e1tica do futsal.<br \/>\n&nbsp;<br \/>\nPor Assessoria FPFS<br \/>\nCom informa\u00e7\u00f5es:\u00a0Liga Leste Futsal<\/p>\n","protected":false},"excerpt":{"rendered":"<p>&nbsp; Visando refor\u00e7ar suas equipes de menores para a pr\u00f3xima temporada, a equipe da Liga Leste Reabilitar\u00a0realiza peneiras para atletas<\/p>\n","protected":false},"author":1,"featured_media":7907,"comment_status":"closed","ping_status":"open","sticky":false,"template":"","format":"standard","meta":{"footnotes":""},"categories":[25,33],"tags":[551,948,1171,1366,1521,1643,43,2061,2212,2449,2465],"class_list":["post-7968","post","type-post","status-publish","format-standard","has-post-thumbnail","hentry","category-destaques","category-menores","tag-categorias","tag-equipes","tag-garotada","tag-itaquera","tag-liga-leste","tag-menores-2","tag-peneiras","tag-reforcar","tag-sapopemba","tag-testes","tag-todas"],"_links":{"self":[{"href":"https:\/\/www.federacaopaulistadefutsal.com.br\/novo\/wp-json\/wp\/v2\/posts\/7968","targetHints":{"allow":["GET"]}}],"collection":[{"href":"https:\/\/www.federacaopaulistadefutsal.com.br\/novo\/wp-json\/wp\/v2\/posts"}],"about":[{"href":"https:\/\/www.federacaopaulistadefutsal.com.br\/novo\/wp-json\/wp\/v2\/types\/post"}],"author":[{"embeddable":true,"href":"https:\/\/www.federacaopaulistadefutsal.com.br\/novo\/wp-json\/wp\/v2\/users\/1"}],"replies":[{"embeddable":true,"href":"https:\/\/www.federacaopaulistadefutsal.com.br\/novo\/wp-json\/wp\/v2\/comments?post=7968"}],"version-history":[{"count":0,"href":"https:\/\/www.federacaopaulistadefutsal.com.br\/novo\/wp-json\/wp\/v2\/posts\/7968\/revisions"}],"wp:featuredmedia":[{"embeddable":true,"href":"https:\/\/www.federacaopaulistadefutsal.com.br\/novo\/wp-json\/"}],"wp:attachment":[{"href":"https:\/\/www.federacaopaulistadefutsal.com.br\/novo\/wp-json\/wp\/v2\/media?parent=7968"}],"wp:term":[{"taxonomy":"category","embeddable":true,"href":"https:\/\/www.federacaopaulistadefutsal.com.br\/novo\/wp-json\/wp\/v2\/categories?post=7968"},{"taxonomy":"post_tag","embeddable":true,"href":"https:\/\/www.federacaopaulistadefutsal.com.br\/novo\/wp-json\/wp\/v2\/tags?post=7968"}],"curies":[{"name":"wp","href":"https:\/\/api.w.org\/{rel}","templated":true}]}}