{"id":7978,"date":"2015-12-08T10:00:22","date_gmt":"2015-12-08T10:00:22","guid":{"rendered":"http:\/\/www.federacaopaulistadefutsal.com.br\/?p=7978"},"modified":"2015-12-08T10:00:22","modified_gmt":"2015-12-08T10:00:22","slug":"por-onde-andam-os-campeoes-de-2012-relembre-os-herois-da-conquista-da-copa-federacao","status":"publish","type":"post","link":"https:\/\/www.federacaopaulistadefutsal.com.br\/novo\/por-onde-andam-os-campeoes-de-2012-relembre-os-herois-da-conquista-da-copa-federacao\/","title":{"rendered":"Por onde andam os campe\u00f5es de 2012? Relembre os her\u00f3is da conquista da Copa Federa\u00e7\u00e3o"},"content":{"rendered":"<p>&nbsp;<br \/>\nA primeira Copa Paulista de Futsal, na \u00e9poca conhecida como Copa Federa\u00e7\u00e3o, em 2012, teve como finalistas as equipes de Suzano e S\u00e3o Jos\u00e9. Com duelos equilibrados em ambas as partidas nas quatro linhas, os times decidiram o t\u00edtulo da competi\u00e7\u00e3o apenas no tempo extra do segundo jogo.<br \/>\nJogando em casa, os suzanenses garantiram a ta\u00e7a da Copa praticamente nos \u00faltimos segundos do duelo, ap\u00f3s gol em cobran\u00e7a de p\u00eanalti realizada pelo jogador Luizinho. O placar final do emocionante confronto entre Suzano e S\u00e3o Jos\u00e9 Futsal foi empate por 3 a 3. Confira os her\u00f3is daquela conquista e por onde eles &#8220;andam&#8221; nos dias de hoje!<br \/>\n<strong>Elenco do Suzano em\u00a02012<\/strong><br \/>\nPez\u00e3o \u2013 Em 2015: Gr\u00eamio Mogiano<br \/>\nWagn\u00e3o \u2013 Em 2015: Sem clube<br \/>\nAngelo \u2013 Em 2015: S\u00e3o Paulo\/SBC<br \/>\nCaio Barros \u2013 Em 2015: A.D. Yoka<br \/>\nFerrugem \u2013 Em 2015: Taubat\u00e9<br \/>\nFabinho \u2013 Em 2015: Sem clube<br \/>\nGedson \u2013 Em 2015: A.A. FIB<br \/>\nGuerra \u2013 Em 2015: Copagril (PR)<br \/>\nPC \u2013 Em 2015: S\u00e3o Jos\u00e9<br \/>\nFelipinho \u2013 Em 2015: S\u00e3o Jos\u00e9<br \/>\nLuizinho \u2013 Em 2015: Conc\u00f3rdia (SC)<br \/>\nEvinho \u2013 Em 2015: A.A. FIB<br \/>\nWaguinho \u2013\u00a0Em 2015: S\u00e3o Paulo Fut7<br \/>\nBissoni \u2013\u00a0Em 2015: S\u00e3o Caetano Futsal<br \/>\nGa\u00facho \u2013\u00a0Em 2015: ADC Intelli\/Orl\u00e2ndia<br \/>\n<strong>Comiss\u00e3o t\u00e9cnica do time suzanense em 2012<\/strong><br \/>\nT\u00e9cnico: Fernando Cabral (hoje no S\u00e3o Caetano)<br \/>\nPreparador f\u00edsico: S\u00edlvio Cavalheiro (hoje no futsal russo)<br \/>\nAuxiliar t\u00e9cnico: Enedir Jr<br \/>\nPreparador de goleiros: Leandro De Martini (hoje no S\u00e3o Caetano Futsal)<br \/>\nCaio Eduardo: fisioterapeuta<br \/>\nMordomo: Alex (hoje no Suzano Futsal\/Menores)<br \/>\nColaborador: Ronaldo Cavallaro<br \/>\nSupervisor: Ivan Sp\u00f3sito<br \/>\nDiretores: Dona Keiko, Miltinho e Duda<br \/>\n&nbsp;<br \/>\nPor Assessoria FPFS<br \/>\nCom informa\u00e7\u00f5es: FutsalEmPauta.com.br<br \/>\nFoto: Reprodu\u00e7\u00e3o\/FutsalEmPauta.com.br<\/p>\n","protected":false},"excerpt":{"rendered":"<p>&nbsp; A primeira Copa Paulista de Futsal, na \u00e9poca conhecida como Copa Federa\u00e7\u00e3o, em 2012, teve como finalistas as equipes<\/p>\n","protected":false},"author":1,"featured_media":7979,"comment_status":"closed","ping_status":"open","sticky":false,"template":"","format":"standard","meta":{"footnotes":""},"categories":[23,25,32],"tags":[72,221,472,713,718,785,1071,1264,1525,1556,1775,2198,2379],"class_list":["post-7978","post","type-post","status-publish","format-standard","has-post-thumbnail","hentry","category-copa-paulista","category-destaques","category-maiores","tag-72","tag-andam","tag-campeoes","tag-copa-federacao","tag-copa-paulista","tag-decisao","tag-final","tag-herois","tag-liga-paulista","tag-lpf","tag-onde","tag-sao-jose","tag-suzano"],"_links":{"self":[{"href":"https:\/\/www.federacaopaulistadefutsal.com.br\/novo\/wp-json\/wp\/v2\/posts\/7978","targetHints":{"allow":["GET"]}}],"collection":[{"href":"https:\/\/www.federacaopaulistadefutsal.com.br\/novo\/wp-json\/wp\/v2\/posts"}],"about":[{"href":"https:\/\/www.federacaopaulistadefutsal.com.br\/novo\/wp-json\/wp\/v2\/types\/post"}],"author":[{"embeddable":true,"href":"https:\/\/www.federacaopaulistadefutsal.com.br\/novo\/wp-json\/wp\/v2\/users\/1"}],"replies":[{"embeddable":true,"href":"https:\/\/www.federacaopaulistadefutsal.com.br\/novo\/wp-json\/wp\/v2\/comments?post=7978"}],"version-history":[{"count":0,"href":"https:\/\/www.federacaopaulistadefutsal.com.br\/novo\/wp-json\/wp\/v2\/posts\/7978\/revisions"}],"wp:featuredmedia":[{"embeddable":true,"href":"https:\/\/www.federacaopaulistadefutsal.com.br\/novo\/wp-json\/"}],"wp:attachment":[{"href":"https:\/\/www.federacaopaulistadefutsal.com.br\/novo\/wp-json\/wp\/v2\/media?parent=7978"}],"wp:term":[{"taxonomy":"category","embeddable":true,"href":"https:\/\/www.federacaopaulistadefutsal.com.br\/novo\/wp-json\/wp\/v2\/categories?post=7978"},{"taxonomy":"post_tag","embeddable":true,"href":"https:\/\/www.federacaopaulistadefutsal.com.br\/novo\/wp-json\/wp\/v2\/tags?post=7978"}],"curies":[{"name":"wp","href":"https:\/\/api.w.org\/{rel}","templated":true}]}}