{"id":7985,"date":"2015-12-08T14:00:27","date_gmt":"2015-12-08T14:00:27","guid":{"rendered":"http:\/\/www.federacaopaulistadefutsal.com.br\/?p=7985"},"modified":"2015-12-08T14:00:27","modified_gmt":"2015-12-08T14:00:27","slug":"campeao-pelo-corinthians-elisandro-acerta-com-rival-orlandia-para-proxima-temporada","status":"publish","type":"post","link":"https:\/\/www.federacaopaulistadefutsal.com.br\/novo\/campeao-pelo-corinthians-elisandro-acerta-com-rival-orlandia-para-proxima-temporada\/","title":{"rendered":"Campe\u00e3o pelo Corinthians, Elisandro acerta com rival Orl\u00e2ndia para pr\u00f3xima temporada"},"content":{"rendered":"<p>&nbsp;<br \/>\nNesta ter\u00e7a-feira (08), a ADC Intelli\/Orl\u00e2ndia, ap\u00f3s anunciar a contrata\u00e7\u00e3o do goleiro Gian, o &#8220;Wolverine&#8221;, ex-Carlos Barbosa, traz ao elenco gren\u00e1 mais um nome de &#8220;peso&#8221; para 2016. Trata-se de Elisandro, o &#8220;Imperador&#8221;, campe\u00e3o da \u00faltima Liga Paulista de Futsal (LPF) com o Corinthians e que, agora, veste a camisa do rival orlandino.<br \/>\nO piv\u00f4 chega ao Orl\u00e2ndia, atual vice-campe\u00e3o da Liga Nacional, com um objetivo em espec\u00edfico: disputar posi\u00e7\u00e3o com Dieguinho, artilheiro da equipe na temporada com 30 gols. Carlos Silva, supervisor da Intelli, garante que, depois da chegada do &#8220;Imperador&#8221;, outros nomes ser\u00e3o anunciados: <strong>&#8220;Tem atletas que jogam finais de campeonatos estaduais esse fim de semana e, na segunda-feira, a gente vai divulgar todo o nosso elenco&#8221;,<\/strong> disse.<br \/>\nDe acordo com a diretoria do Orl\u00e2ndia, atletas como Carlos, Guina, Matheus Ga\u00facho, Renan Fuso, Matheus BH, Thiago Soares e Welinton n\u00e3o renovaram com o time e, consequentemente, n\u00e3o fazem mais parte do elenco orlandino. Os objetivos do presidente da Intelli, Renzo Spedicatto, e dos demais dirigentes s\u00e3o\u00a0fechar contrata\u00e7\u00f5es de\u00a0jogadores e, tamb\u00e9m, renovar contratos com atletas do time at\u00e9 o pr\u00f3ximo final de semana.<br \/>\nA base do grupo da equipe gren\u00e1 de 2015, vice-campe\u00e3 paulista e nacional, foi mantida, contendo os seguintes jogadores: os goleiros Eduardo e Diego, o fixo Renan, os alas Cabre\u00fava, Felipe, Gadeia e Jackson, e os piv\u00f4s Douglas e Dieguinho. Os atletas Kau\u00ea e Thiago Cabe\u00e7a tamb\u00e9m permanecem no Orl\u00e2ndia.<br \/>\n&nbsp;<br \/>\nPor Assessoria FPFS<br \/>\nCom informa\u00e7\u00f5es: FutsalEmPauta.com.br<br \/>\nFoto: Divulga\u00e7\u00e3o\/David Abramvezt<br \/>\n&nbsp;<br \/>\n&nbsp;<\/p>\n","protected":false},"excerpt":{"rendered":"<p>&nbsp; Nesta ter\u00e7a-feira (08), a ADC Intelli\/Orl\u00e2ndia, ap\u00f3s anunciar a contrata\u00e7\u00e3o do goleiro Gian, o &#8220;Wolverine&#8221;, ex-Carlos Barbosa, traz ao<\/p>\n","protected":false},"author":1,"featured_media":7986,"comment_status":"closed","ping_status":"open","sticky":false,"template":"","format":"standard","meta":{"footnotes":""},"categories":[25,32],"tags":[691,734,918,1286,1645,1719,1789,1791,1891,2129,2457,2481],"class_list":["post-7985","post","type-post","status-publish","format-standard","has-post-thumbnail","hentry","category-destaques","category-maiores","tag-contrato","tag-corinthians","tag-elisandro","tag-imperador","tag-mercado","tag-negociacoes","tag-orlandia","tag-orlandinos","tag-pivo","tag-rival","tag-timao","tag-transferencia"],"_links":{"self":[{"href":"https:\/\/www.federacaopaulistadefutsal.com.br\/novo\/wp-json\/wp\/v2\/posts\/7985","targetHints":{"allow":["GET"]}}],"collection":[{"href":"https:\/\/www.federacaopaulistadefutsal.com.br\/novo\/wp-json\/wp\/v2\/posts"}],"about":[{"href":"https:\/\/www.federacaopaulistadefutsal.com.br\/novo\/wp-json\/wp\/v2\/types\/post"}],"author":[{"embeddable":true,"href":"https:\/\/www.federacaopaulistadefutsal.com.br\/novo\/wp-json\/wp\/v2\/users\/1"}],"replies":[{"embeddable":true,"href":"https:\/\/www.federacaopaulistadefutsal.com.br\/novo\/wp-json\/wp\/v2\/comments?post=7985"}],"version-history":[{"count":0,"href":"https:\/\/www.federacaopaulistadefutsal.com.br\/novo\/wp-json\/wp\/v2\/posts\/7985\/revisions"}],"wp:featuredmedia":[{"embeddable":true,"href":"https:\/\/www.federacaopaulistadefutsal.com.br\/novo\/wp-json\/"}],"wp:attachment":[{"href":"https:\/\/www.federacaopaulistadefutsal.com.br\/novo\/wp-json\/wp\/v2\/media?parent=7985"}],"wp:term":[{"taxonomy":"category","embeddable":true,"href":"https:\/\/www.federacaopaulistadefutsal.com.br\/novo\/wp-json\/wp\/v2\/categories?post=7985"},{"taxonomy":"post_tag","embeddable":true,"href":"https:\/\/www.federacaopaulistadefutsal.com.br\/novo\/wp-json\/wp\/v2\/tags?post=7985"}],"curies":[{"name":"wp","href":"https:\/\/api.w.org\/{rel}","templated":true}]}}