{"id":7996,"date":"2015-12-09T10:45:00","date_gmt":"2015-12-09T10:45:00","guid":{"rendered":"http:\/\/www.federacaopaulistadefutsal.com.br\/?p=7996"},"modified":"2015-12-09T10:45:00","modified_gmt":"2015-12-09T10:45:00","slug":"ex-fixo-do-corinthians-neto-revela-que-clube-deve-reduzir-investimentos-para-futsal","status":"publish","type":"post","link":"https:\/\/www.federacaopaulistadefutsal.com.br\/novo\/ex-fixo-do-corinthians-neto-revela-que-clube-deve-reduzir-investimentos-para-futsal\/","title":{"rendered":"Ex-fixo do Corinthians, Neto revela que clube deve reduzir investimentos para futsal"},"content":{"rendered":"<p>&nbsp;<br \/>\nPara a pr\u00f3xima temporada, o Corinthians vai reduzir cerca de 70% de seu investimento no futsal. Tal verdade foi revelada por Neto, ex-fixo do Tim\u00e3o, e que, na \u00faltima sexta-feira (04), anunciou seu desligamento do clube. De acordo com o jogador, a diretoria da equipe do Parque S\u00e3o Jorge tem conversado, individualmente, com cada atleta, avisando sobre a redu\u00e7\u00e3o na folha salarial e perguntando aos mesmos se t\u00eam interesse de permanecerem no alvinegro em 2016. Recentemente, Guitta, Simi e Elisandro deixaram o time paulista.<br \/>\n<strong>&#8220;Fui chamado para uma conversa com a diretoria onde me foi passado que o Corinthians reduzir\u00e1 em 70% a folha salarial do futsal profissional para 2016. Como eu n\u00e3o me enquadro na faixa de sal\u00e1rio do clube, acabei n\u00e3o chegando a um acordo e n\u00e3o vou permanecer na equipe no ano que vem. O que estou sabendo \u00e9 que os patrocinadores v\u00e3o continuar, o clube \u00e9 que n\u00e3o pretende investir mais a sua parte no futsal profissional. A tend\u00eancia \u00e9 que mais jogadores saiam nos pr\u00f3ximos dias&#8221;,<\/strong> declarou Neto.<br \/>\nEscolhido como o melhor jogador do mundo de futsal pela FIFA, em 2012, o fixo chegou ao Corinthians dois anos depois, em 2014, ap\u00f3s duas temporadas nas quadras da R\u00fassia. Autor do gol que deu o t\u00edtulo da Copa do Mundo de Futsal ao Brasil, na Tail\u00e2ndia, Neto era um dos principais nomes do Tim\u00e3o em 2015, ao lado de atletas como Guitta, Caio, o capit\u00e3o Simi, Deives e Valdin. O fixo acredita que, por conta da \u00faltima elimina\u00e7\u00e3o da equipe alvinegra na Liga Nacional de Futsal (LNF), a diretoria corintiana preferiu reduzir os investimentos na modalidade para o ano que vem.<br \/>\n<strong>&#8220;Sabemos que a diretoria quer muito esse t\u00edtulo da Liga Nacional de Futsal, mas posso dizer que tivemos um ano muito bom, pois ganhamos o Paulista e por muito pouco n\u00e3o fomos \u00e0 essa in\u00e9dita final da LNF. Se foi esse o motivo do corte no or\u00e7amento, acho que cometeram um grande erro, pois um projeto de futsal precisa de um certo tempo para render resultados. Tirando o Santos (2011) e o Sorocaba (2014\/2015), todos os grandes clubes demoraram um pouco para conseguir o primeiro t\u00edtulo expressivo. Exemplos melhores s\u00e3o o Orl\u00e2ndia e o Carlos Barbosa, que s\u00f3 foram ganhar a LNF com v\u00e1rios anos de exist\u00eancia&#8221;,<\/strong> desabafou o fixo.<br \/>\n&nbsp;<br \/>\nPor Assessoria FPFS<br \/>\nCom informa\u00e7\u00f5es: GloboEsporte.com<br \/>\nFoto: Divulga\u00e7\u00e3o\/ Amanda Souza\/FutsalEmPauta.com.br<br \/>\n&nbsp;<br \/>\n&nbsp;<\/p>\n","protected":false},"excerpt":{"rendered":"<p>&nbsp; Para a pr\u00f3xima temporada, o Corinthians vai reduzir cerca de 70% de seu investimento no futsal. Tal verdade foi<\/p>\n","protected":false},"author":1,"featured_media":7997,"comment_status":"closed","ping_status":"open","sticky":false,"template":"","format":"standard","meta":{"footnotes":""},"categories":[32],"tags":[74,734,742,854,911,1088,1099,1131,1341,1724,1786,1799,2055,2113,2430],"class_list":["post-7996","post","type-post","status-publish","format-standard","has-post-thumbnail","hentry","category-maiores","tag-74","tag-corinthians","tag-cortes","tag-diretoria","tag-elenco","tag-fixo","tag-folha","tag-futsal","tag-investimentos","tag-neto","tag-orcamento","tag-pagamento","tag-reducao","tag-revelacao","tag-temporada"],"_links":{"self":[{"href":"https:\/\/www.federacaopaulistadefutsal.com.br\/novo\/wp-json\/wp\/v2\/posts\/7996","targetHints":{"allow":["GET"]}}],"collection":[{"href":"https:\/\/www.federacaopaulistadefutsal.com.br\/novo\/wp-json\/wp\/v2\/posts"}],"about":[{"href":"https:\/\/www.federacaopaulistadefutsal.com.br\/novo\/wp-json\/wp\/v2\/types\/post"}],"author":[{"embeddable":true,"href":"https:\/\/www.federacaopaulistadefutsal.com.br\/novo\/wp-json\/wp\/v2\/users\/1"}],"replies":[{"embeddable":true,"href":"https:\/\/www.federacaopaulistadefutsal.com.br\/novo\/wp-json\/wp\/v2\/comments?post=7996"}],"version-history":[{"count":0,"href":"https:\/\/www.federacaopaulistadefutsal.com.br\/novo\/wp-json\/wp\/v2\/posts\/7996\/revisions"}],"wp:featuredmedia":[{"embeddable":true,"href":"https:\/\/www.federacaopaulistadefutsal.com.br\/novo\/wp-json\/"}],"wp:attachment":[{"href":"https:\/\/www.federacaopaulistadefutsal.com.br\/novo\/wp-json\/wp\/v2\/media?parent=7996"}],"wp:term":[{"taxonomy":"category","embeddable":true,"href":"https:\/\/www.federacaopaulistadefutsal.com.br\/novo\/wp-json\/wp\/v2\/categories?post=7996"},{"taxonomy":"post_tag","embeddable":true,"href":"https:\/\/www.federacaopaulistadefutsal.com.br\/novo\/wp-json\/wp\/v2\/tags?post=7996"}],"curies":[{"name":"wp","href":"https:\/\/api.w.org\/{rel}","templated":true}]}}