{"id":8156,"date":"2015-12-16T22:24:22","date_gmt":"2015-12-16T22:24:22","guid":{"rendered":"http:\/\/www.federacaopaulistadefutsal.com.br\/?p=8156"},"modified":"2015-12-16T22:24:22","modified_gmt":"2015-12-16T22:24:22","slug":"diretoria-do-sao-jose-anuncia-saida-de-quatro-jogadores-para-proxima-temporada","status":"publish","type":"post","link":"https:\/\/www.federacaopaulistadefutsal.com.br\/novo\/diretoria-do-sao-jose-anuncia-saida-de-quatro-jogadores-para-proxima-temporada\/","title":{"rendered":"Diretoria do S\u00e3o Jos\u00e9 anuncia sa\u00edda de quatro jogadores para pr\u00f3xima temporada"},"content":{"rendered":"<p>&nbsp;<\/p>\n<p class=\"western\">Visando a pr\u00f3xima temporada, na \u00faltima ter\u00e7a-feira (15), a diretoria do S\u00e3o Jos\u00e9 Futsal anunciou, oficialmente, a n\u00e3o renova\u00e7\u00e3o do contrato de quatro jogadores para 2016. O goleiro Mel\u00e3o, o fixo Andr\u00e9, Jhow, que atua como ala ou piv\u00f4 nas quatro linhas, e o ala canhoto Fernandinho n\u00e3o fazem mais parte da equipe do Vale do Para\u00edba e, agora, est\u00e3o livres para negociarem com outros times.<\/p>\n<p class=\"western\">Segundo a diretoria do clube de S\u00e3o Jos\u00e9 dos Campos-SP, os jogadores mostraram muito profissionalismo durantes seus contratos com a equipe interiorana, al\u00e9m de terem ajudado o time nas diversas ocasi\u00f5es de jogo. Os diretores disseram, ainda, que fica o agradecimento aos jogadores pelos servi\u00e7os prestados.<\/p>\n<p class=\"western\">Agora, os dirigentes do S\u00e3o Jos\u00e9 seguem trabalhando para anunciarem, futuramente, novos refor\u00e7os e at\u00e9 dispensas de nomes j\u00e1 conhecidos pelo torcedor joseense. Em breve, o clube do interior paulista deve trazer mais novidades sobre contrata\u00e7\u00f5es e renova\u00e7\u00f5es de contratos.<\/p>\n<p class=\"western\">Por Assessoria FPFS<\/p>\n<p class=\"western\">Com informa\u00e7\u00f5es: Brenno Domingues\/Quarttus Marketing<\/p>\n<p class=\"western\">Foto: Divulga\u00e7\u00e3o\/Quarttus Marketing<\/p>\n","protected":false},"excerpt":{"rendered":"<p>&nbsp; Visando a pr\u00f3xima temporada, na \u00faltima ter\u00e7a-feira (15), a diretoria do S\u00e3o Jos\u00e9 Futsal anunciou, oficialmente, a n\u00e3o renova\u00e7\u00e3o<\/p>\n","protected":false},"author":1,"featured_media":8157,"comment_status":"closed","ping_status":"open","sticky":false,"template":"","format":"standard","meta":{"footnotes":""},"categories":[29,32],"tags":[74,692,1413,1645,1719,2089,2164,2198,2430,2548],"class_list":["post-8156","post","type-post","status-publish","format-standard","has-post-thumbnail","hentry","category-interior","category-maiores","tag-74","tag-contratos","tag-jogadores","tag-mercado","tag-negociacoes","tag-renovacoes","tag-saidas","tag-sao-jose","tag-temporada","tag-vale-do-paraiba"],"_links":{"self":[{"href":"https:\/\/www.federacaopaulistadefutsal.com.br\/novo\/wp-json\/wp\/v2\/posts\/8156","targetHints":{"allow":["GET"]}}],"collection":[{"href":"https:\/\/www.federacaopaulistadefutsal.com.br\/novo\/wp-json\/wp\/v2\/posts"}],"about":[{"href":"https:\/\/www.federacaopaulistadefutsal.com.br\/novo\/wp-json\/wp\/v2\/types\/post"}],"author":[{"embeddable":true,"href":"https:\/\/www.federacaopaulistadefutsal.com.br\/novo\/wp-json\/wp\/v2\/users\/1"}],"replies":[{"embeddable":true,"href":"https:\/\/www.federacaopaulistadefutsal.com.br\/novo\/wp-json\/wp\/v2\/comments?post=8156"}],"version-history":[{"count":0,"href":"https:\/\/www.federacaopaulistadefutsal.com.br\/novo\/wp-json\/wp\/v2\/posts\/8156\/revisions"}],"wp:featuredmedia":[{"embeddable":true,"href":"https:\/\/www.federacaopaulistadefutsal.com.br\/novo\/wp-json\/"}],"wp:attachment":[{"href":"https:\/\/www.federacaopaulistadefutsal.com.br\/novo\/wp-json\/wp\/v2\/media?parent=8156"}],"wp:term":[{"taxonomy":"category","embeddable":true,"href":"https:\/\/www.federacaopaulistadefutsal.com.br\/novo\/wp-json\/wp\/v2\/categories?post=8156"},{"taxonomy":"post_tag","embeddable":true,"href":"https:\/\/www.federacaopaulistadefutsal.com.br\/novo\/wp-json\/wp\/v2\/tags?post=8156"}],"curies":[{"name":"wp","href":"https:\/\/api.w.org\/{rel}","templated":true}]}}