{"id":8313,"date":"2016-01-06T14:00:21","date_gmt":"2016-01-06T14:00:21","guid":{"rendered":"http:\/\/www.federacaopaulistadefutsal.com.br\/?p=8313"},"modified":"2016-01-06T14:00:21","modified_gmt":"2016-01-06T14:00:21","slug":"ex-a-a-b-b-fixo-juninho-busca-nova-equipe-para-temporada","status":"publish","type":"post","link":"https:\/\/www.federacaopaulistadefutsal.com.br\/novo\/ex-a-a-b-b-fixo-juninho-busca-nova-equipe-para-temporada\/","title":{"rendered":"Ex-A.A.B.B., fixo Juninho busca nova equipe para temporada"},"content":{"rendered":"<p>&nbsp;<br \/>\nAp\u00f3s n\u00e3o renovar contrato com a A.A.B.B., da capital paulista, o ala\/fixo Juninho est\u00e1 livre para negociar com equipes. O jogador, de 25 anos, tamb\u00e9m teve passagens por times\u00a0como a A.D. Wimpro, de Guarulhos-SP, e Corinthians, onde entrou em quadra pela categoria sub-20.<br \/>\nCom a camisa do Tim\u00e3o, em 2009, na \u00e9poca treinado por Lucas Chioro, o jogador faturou os seguintes t\u00edtulos: Campeonato Paulista, Jogos Regionais, representando o munic\u00edpio de S\u00e3o Caetano do Sul-SP, Ta\u00e7a Brasil, Sul-americano e, por fim, um segundo lugar no Metropolitano. Por conta de tais conquistas, at\u00e9 hoje, o elenco do alvinegro \u00e9 considerado um dos mais vitoriosos do futsal sub-20 para o clube.<br \/>\nDepois de vencer com o Corinthians, Juninho foi para a Wimpro, de Guarulhos-SP, onde se destacou na Liga Paulista de Futsal (LPF), na temporada 2012. No ano seguinte, em 2013, o fixo, que tamb\u00e9m atua como ala nas quatro linhas, passou rapidamente por Piracicaba-SP, sagrando-se campe\u00e3o dos Jogos Abertos do Interior; em 2014, o atleta novamente venceu\u00a0o torneio interiorano, desta vez, defendendo a A.A.B.B.\/Santo Andr\u00e9.<br \/>\n&nbsp;<br \/>\nPor Assessoria FPFS<br \/>\nCom informa\u00e7\u00f5es: FutsalEmPauta.com.br<br \/>\nFoto: Reprodu\u00e7\u00e3o\/FutsalEmPauta.com.br<br \/>\n&nbsp;<br \/>\n&nbsp;<\/p>\n","protected":false},"excerpt":{"rendered":"<p>&nbsp; Ap\u00f3s n\u00e3o renovar contrato com a A.A.B.B., da capital paulista, o ala\/fixo Juninho est\u00e1 livre para negociar com equipes.<\/p>\n","protected":false},"author":1,"featured_media":8314,"comment_status":"closed","ping_status":"open","sticky":false,"template":"","format":"standard","meta":{"footnotes":""},"categories":[32],"tags":[104,190,433,617,691,734,827,1088,1456,1645,1719,1751,2005,2352],"class_list":["post-8313","post","type-post","status-publish","format-standard","has-post-thumbnail","hentry","category-maiores","tag-a-a-b-b","tag-ala","tag-busca","tag-clube","tag-contrato","tag-corinthians","tag-destaque","tag-fixo","tag-juninho","tag-mercado","tag-negociacoes","tag-novo","tag-quadras","tag-sub-20"],"_links":{"self":[{"href":"https:\/\/www.federacaopaulistadefutsal.com.br\/novo\/wp-json\/wp\/v2\/posts\/8313","targetHints":{"allow":["GET"]}}],"collection":[{"href":"https:\/\/www.federacaopaulistadefutsal.com.br\/novo\/wp-json\/wp\/v2\/posts"}],"about":[{"href":"https:\/\/www.federacaopaulistadefutsal.com.br\/novo\/wp-json\/wp\/v2\/types\/post"}],"author":[{"embeddable":true,"href":"https:\/\/www.federacaopaulistadefutsal.com.br\/novo\/wp-json\/wp\/v2\/users\/1"}],"replies":[{"embeddable":true,"href":"https:\/\/www.federacaopaulistadefutsal.com.br\/novo\/wp-json\/wp\/v2\/comments?post=8313"}],"version-history":[{"count":0,"href":"https:\/\/www.federacaopaulistadefutsal.com.br\/novo\/wp-json\/wp\/v2\/posts\/8313\/revisions"}],"wp:featuredmedia":[{"embeddable":true,"href":"https:\/\/www.federacaopaulistadefutsal.com.br\/novo\/wp-json\/"}],"wp:attachment":[{"href":"https:\/\/www.federacaopaulistadefutsal.com.br\/novo\/wp-json\/wp\/v2\/media?parent=8313"}],"wp:term":[{"taxonomy":"category","embeddable":true,"href":"https:\/\/www.federacaopaulistadefutsal.com.br\/novo\/wp-json\/wp\/v2\/categories?post=8313"},{"taxonomy":"post_tag","embeddable":true,"href":"https:\/\/www.federacaopaulistadefutsal.com.br\/novo\/wp-json\/wp\/v2\/tags?post=8313"}],"curies":[{"name":"wp","href":"https:\/\/api.w.org\/{rel}","templated":true}]}}