{"id":8364,"date":"2016-01-09T20:02:34","date_gmt":"2016-01-09T20:02:34","guid":{"rendered":"http:\/\/www.federacaopaulistadefutsal.com.br\/?p=8364"},"modified":"2016-01-09T20:02:34","modified_gmt":"2016-01-09T20:02:34","slug":"destaques-da-botucatuense-alan-e-ruan-vao-vestir-camisa-do-corinthians-em-2016","status":"publish","type":"post","link":"https:\/\/www.federacaopaulistadefutsal.com.br\/novo\/destaques-da-botucatuense-alan-e-ruan-vao-vestir-camisa-do-corinthians-em-2016\/","title":{"rendered":"Destaques da Botucatuense, Alan e Ruan v\u00e3o vestir camisa do Corinthians em 2016"},"content":{"rendered":"<p>&nbsp;<br \/>\nCom tradi\u00e7\u00e3o no futsal do interior paulista, a Associa\u00e7\u00e3o Atl\u00e9tica Botucatuense (AAB), de Botucatu-SP, ao longo de sua hist\u00f3ria, cedeu\u00a0jogadores para outras equipes do esporte das quadras. No passado, nomes como Tost\u00e3o, que j\u00e1 vestiu a camisa da sele\u00e7\u00e3o brasileira, e Fernando Leit\u00e3o, da portuguesa, s\u00e3o exemplos de jogadores cedidos pela Veterana. Hoje, os atletas Alan e Ruan, em 2016, v\u00e3o entrar em quadra pelo Corinthians.<br \/>\nNaturais do estado do Rio de Janeiro, os cariocas devem se apresentar no clube do Parque S\u00e3o Jorge no dia 22 de janeiro. Destaques da A.A.B. na \u00faltima temporada, os jogadores, pelo alvinegro do interior, jogaram pela categoria sub-20.<br \/>\nCom passagens por Madureira, Flamengo e Fluminense, ambos do Rio, e antes de vestir a camisa da Veterana, em 2014, Alan declarou o seguinte sobre suas experi\u00eancias e a import\u00e2ncia delas:\u00a0<strong>&#8220;Todos os clubes em que passei foram importantes, mas esses dois anos na AAB foram especiais. Ser tratado de maneira profissional n\u00e3o tem pre\u00e7o, e isso eu nunca vou esquecer mesmo&#8221;,<\/strong> declarou o atleta.\u00a0<strong>&#8220;Foi o melhor time que j\u00e1 joguei e at\u00e9 hoje n\u00e3o consigo esquecer as derrotas nas semifinais do Estadual sub-20 e do adulto no Paulist\u00e3o. Foram as piores derrotas da minha vida e \u00e9 dif\u00edcil aceitar, mas n\u00e3o tem jeito&#8221;,<\/strong>\u00a0finalizou em rela\u00e7\u00e3o \u00e0 Botucatuense.<br \/>\nRuan, que iniciou a carreira nas quadras em projeto social na comunidade da Mangueira, no Rio de Janeiro, tamb\u00e9m passou pelos rivais Flamengo e Fluminense. O jogador, que poderia ter ido antes para o Corinthians, falou a respeito da op\u00e7\u00e3o em ter permanecido em Botucatu-SP por mais um tempo: <strong>&#8220;Eu resolvi esperar mais um pouco. Mesmo tendo outras propostas, dei prefer\u00eancia \u00e0 AAB, pois foi um clube que me identifiquei muito&#8221;,<\/strong> disse.<br \/>\n<strong>&#8220;\u00c9 meu \u00faltimo ano como sub-20 e, jogando no Corinthians, com certeza vou ter visibilidade para disputar o adulto em 2017, seja pelo pr\u00f3prio Corinthians ou por outro clube&#8221;,<\/strong> finalizou Ruan.<br \/>\n&nbsp;<br \/>\nPor Assessoria FPFS<br \/>\nCom informa\u00e7\u00f5es: Erick Facioli\/Associa\u00e7\u00e3o Atl\u00e9tica Botucatuense<br \/>\nFoto: Divulga\u00e7\u00e3o\/Associa\u00e7\u00e3o Atl\u00e9tica Botucatuense<br \/>\n&nbsp;<br \/>\n&nbsp;<br \/>\n&nbsp;<\/p>\n","protected":false},"excerpt":{"rendered":"<p>&nbsp; Com tradi\u00e7\u00e3o no futsal do interior paulista, a Associa\u00e7\u00e3o Atl\u00e9tica Botucatuense (AAB), de Botucatu-SP, ao longo de sua hist\u00f3ria,<\/p>\n","protected":false},"author":1,"featured_media":8367,"comment_status":"closed","ping_status":"open","sticky":false,"template":"","format":"standard","meta":{"footnotes":""},"categories":[32],"tags":[74,192,409,410,734,1449,1645,1719,2144,2401,2457,2577],"class_list":["post-8364","post","type-post","status-publish","format-standard","has-post-thumbnail","hentry","category-maiores","tag-74","tag-alan","tag-botucatu","tag-botucatuense","tag-corinthians","tag-jovens","tag-mercado","tag-negociacoes","tag-ruan","tag-talentos","tag-timao","tag-veterana"],"_links":{"self":[{"href":"https:\/\/www.federacaopaulistadefutsal.com.br\/novo\/wp-json\/wp\/v2\/posts\/8364","targetHints":{"allow":["GET"]}}],"collection":[{"href":"https:\/\/www.federacaopaulistadefutsal.com.br\/novo\/wp-json\/wp\/v2\/posts"}],"about":[{"href":"https:\/\/www.federacaopaulistadefutsal.com.br\/novo\/wp-json\/wp\/v2\/types\/post"}],"author":[{"embeddable":true,"href":"https:\/\/www.federacaopaulistadefutsal.com.br\/novo\/wp-json\/wp\/v2\/users\/1"}],"replies":[{"embeddable":true,"href":"https:\/\/www.federacaopaulistadefutsal.com.br\/novo\/wp-json\/wp\/v2\/comments?post=8364"}],"version-history":[{"count":0,"href":"https:\/\/www.federacaopaulistadefutsal.com.br\/novo\/wp-json\/wp\/v2\/posts\/8364\/revisions"}],"wp:featuredmedia":[{"embeddable":true,"href":"https:\/\/www.federacaopaulistadefutsal.com.br\/novo\/wp-json\/"}],"wp:attachment":[{"href":"https:\/\/www.federacaopaulistadefutsal.com.br\/novo\/wp-json\/wp\/v2\/media?parent=8364"}],"wp:term":[{"taxonomy":"category","embeddable":true,"href":"https:\/\/www.federacaopaulistadefutsal.com.br\/novo\/wp-json\/wp\/v2\/categories?post=8364"},{"taxonomy":"post_tag","embeddable":true,"href":"https:\/\/www.federacaopaulistadefutsal.com.br\/novo\/wp-json\/wp\/v2\/tags?post=8364"}],"curies":[{"name":"wp","href":"https:\/\/api.w.org\/{rel}","templated":true}]}}