{"id":8413,"date":"2016-01-13T07:35:52","date_gmt":"2016-01-13T07:35:52","guid":{"rendered":"http:\/\/www.federacaopaulistadefutsal.com.br\/?p=8413"},"modified":"2016-01-13T07:35:52","modified_gmt":"2016-01-13T07:35:52","slug":"com-novidades-reformulado-corinthians-apresenta-elenco-para-temporada","status":"publish","type":"post","link":"https:\/\/www.federacaopaulistadefutsal.com.br\/novo\/com-novidades-reformulado-corinthians-apresenta-elenco-para-temporada\/","title":{"rendered":"Com novidades, reformulado Corinthians apresenta elenco para temporada"},"content":{"rendered":"<p>&nbsp;<br \/>\nNa \u00faltima ter\u00e7a-feira (12), com elenco reformulado, o Corinthians fez sua apresenta\u00e7\u00e3o oficial no gin\u00e1sio do Parque S\u00e3o Jorge, em S\u00e3o Paulo-SP. Apesar de n\u00e3o renovar contrato com boa parte dos seus jogadores da \u00faltima temporada, o alvinegro anunciou, como principais refor\u00e7os, os seguintes atletas: \u00cdndio, ex-S\u00e3o Paulo\/S\u00e3o Bernardo do Campo, e Vander Carioca, ex-Joinville.<br \/>\nCom o objetivo de permanecer competitivo nas quatro linhas do futsal em\u00a02016, o Tim\u00e3o assegurou a perman\u00eancia de jogadores da base do time campe\u00e3o da \u00faltima edi\u00e7\u00e3o da Liga Paulista de Futsal (LPF) e, tamb\u00e9m, promoveu a garotada do sub-20 para o grupo principal. Seguem abaixo os nomes do Corinthians para a temporada:<br \/>\n<strong>Goleiros &#8211;<\/strong> Guitta, Careca e Luis Gustavo.<br \/>\n<strong>Fixos &#8211;<\/strong> Douglas, \u00cdndio, Jamal, Munin e Nen\u00ea.<br \/>\n<strong>Alas &#8211;<\/strong> Arthur, Leandro Caires, Leandro Lino, Marcel, Pepita e Rafa.<br \/>\n<strong>Piv\u00f4s &#8211;<\/strong> Deives, Rocha e Vander Carioca.<br \/>\nA comiss\u00e3o t\u00e9cnica, liderada pelo treinador Fernando Ferretti, ter\u00e1, tamb\u00e9m, Andr\u00e9 Bi\u00e9 como auxiliar, o preparador f\u00edsico Juninho, Marcelo Galli, preparador de goleiros, e, por fim, o mordomo &#8220;Nego&#8221;.<br \/>\nSegundo informa\u00e7\u00f5es do portal da LPF, os treinos do Tim\u00e3o se inciar\u00e3o na pr\u00f3xima segunda-feira (18), no gin\u00e1sio do Parque S\u00e3o Jorge, em S\u00e3o Paulo-SP. Nesta semana, por\u00e9m, antes de entrarem em quadra, os jogadores passaram por avalia\u00e7\u00f5es m\u00e9dicas.<br \/>\n&nbsp;<br \/>\nPor Assessoria FPFS<br \/>\nCom informa\u00e7\u00f5es: LigaPaulistaFutsal.com.br<br \/>\nFoto: Reprodu\u00e7\u00e3o\/LigaPaulistaFutsal.com.br<br \/>\n&nbsp;<\/p>\n","protected":false},"excerpt":{"rendered":"<p>&nbsp; Na \u00faltima ter\u00e7a-feira (12), com elenco reformulado, o Corinthians fez sua apresenta\u00e7\u00e3o oficial no gin\u00e1sio do Parque S\u00e3o Jorge,<\/p>\n","protected":false},"author":1,"featured_media":8414,"comment_status":"closed","ping_status":"open","sticky":false,"template":"","format":"standard","meta":{"footnotes":""},"categories":[32],"tags":[74,734,911,947,1645,2063,2066,2430,2457,2459],"class_list":["post-8413","post","type-post","status-publish","format-standard","has-post-thumbnail","hentry","category-maiores","tag-74","tag-corinthians","tag-elenco","tag-equipe","tag-mercado","tag-reforcos","tag-reformulacao","tag-temporada","tag-timao","tag-time"],"_links":{"self":[{"href":"https:\/\/www.federacaopaulistadefutsal.com.br\/novo\/wp-json\/wp\/v2\/posts\/8413","targetHints":{"allow":["GET"]}}],"collection":[{"href":"https:\/\/www.federacaopaulistadefutsal.com.br\/novo\/wp-json\/wp\/v2\/posts"}],"about":[{"href":"https:\/\/www.federacaopaulistadefutsal.com.br\/novo\/wp-json\/wp\/v2\/types\/post"}],"author":[{"embeddable":true,"href":"https:\/\/www.federacaopaulistadefutsal.com.br\/novo\/wp-json\/wp\/v2\/users\/1"}],"replies":[{"embeddable":true,"href":"https:\/\/www.federacaopaulistadefutsal.com.br\/novo\/wp-json\/wp\/v2\/comments?post=8413"}],"version-history":[{"count":0,"href":"https:\/\/www.federacaopaulistadefutsal.com.br\/novo\/wp-json\/wp\/v2\/posts\/8413\/revisions"}],"wp:featuredmedia":[{"embeddable":true,"href":"https:\/\/www.federacaopaulistadefutsal.com.br\/novo\/wp-json\/"}],"wp:attachment":[{"href":"https:\/\/www.federacaopaulistadefutsal.com.br\/novo\/wp-json\/wp\/v2\/media?parent=8413"}],"wp:term":[{"taxonomy":"category","embeddable":true,"href":"https:\/\/www.federacaopaulistadefutsal.com.br\/novo\/wp-json\/wp\/v2\/categories?post=8413"},{"taxonomy":"post_tag","embeddable":true,"href":"https:\/\/www.federacaopaulistadefutsal.com.br\/novo\/wp-json\/wp\/v2\/tags?post=8413"}],"curies":[{"name":"wp","href":"https:\/\/api.w.org\/{rel}","templated":true}]}}