{"id":8425,"date":"2016-01-13T19:35:39","date_gmt":"2016-01-13T19:35:39","guid":{"rendered":"http:\/\/www.federacaopaulistadefutsal.com.br\/?p=8425"},"modified":"2016-01-13T19:35:39","modified_gmt":"2016-01-13T19:35:39","slug":"apos-passagem-pelo-sao-jose-victor-mello-anuncia-retorno-a-a-a-b-b","status":"publish","type":"post","link":"https:\/\/www.federacaopaulistadefutsal.com.br\/novo\/apos-passagem-pelo-sao-jose-victor-mello-anuncia-retorno-a-a-a-b-b\/","title":{"rendered":"Ap\u00f3s passagem pelo S\u00e3o Jos\u00e9, Victor Mello anuncia retorno \u00e0 A.A.B.B."},"content":{"rendered":"<p>&nbsp;<br \/>\nAp\u00f3s passagem pelo S\u00e3o Jos\u00e9 Futsal na \u00faltima temporada, o ala Victor Mello, nesta quarta-feira (13), anunciou seu retorno \u00e0 A.A.B.B., da capital paulista. O jogador, que iniciou sua trajet\u00f3ria no clube em 2011, relembrou momentos com a equipe de S\u00e3o Paulo-SP e, tamb\u00e9m, de suas expectativas em quadra para 2016.<br \/>\nNa promissora carreira nas quatro linhas, Mello conquistou os seguintes t\u00edtulos: Campeonato Metropolitano, em 2011, Liga Paulista de Futsal (LPF), em 2012, duas ta\u00e7as da Liga Sudeste, em 2012 e 2013, e dois trof\u00e9us dos Jogos Abertos do Interior, nas temporadas 2013 e 2014.\u00a0<strong>&#8220;Quando fomos campe\u00f5es da Liga Paulista (2012) foi o momento mais marcante nessa minha passagem pela A.A.B.B. . O gin\u00e1sio estava lotado e conseguimos o t\u00edtulo, foi uma oportunidade incr\u00edvel pra todos n\u00f3s&#8221;,<\/strong> declarou o atleta.<br \/>\nPara o jogador, a A.A.B.B. foi de extrema import\u00e2ncia para sua forma\u00e7\u00e3o no futsal: <strong>&#8220;Tudo que passei na A.A.B.B. foi muito importante, principalmente quando comecei a jogar e mostrar o meu valor dentro e fora de quadra&#8221;,<\/strong> disse o ala.\u00a0<strong>&#8220;Espero que essa nova temporada possamos ter muitas conquistas, assim como foram em 2012 e 2013, e espero um ano de muita alegria. Vou dar o meu melhor, como sempre fiz&#8221;,\u00a0<\/strong>finalizou\u00a0Mello.<br \/>\nA apresenta\u00e7\u00e3o do time da capital paulista est\u00e1 marcada para o dia 20 de janeiro e ter\u00e1, como principal objetivo, o in\u00edcio de exames f\u00edsicos para os jogadores, e um deles \u00e9 Victor Mello, de volta \u00e0 A.A.B.B.<br \/>\n&nbsp;<br \/>\nPor Assessoria FPFS<br \/>\nCom informa\u00e7\u00f5es: Tamiris Dinamarco\/LigaPaulistaFutsal.com.br<br \/>\nFoto: Reprodu\u00e7\u00e3o\/LigaPaulistaFutsal.com.br<br \/>\n&nbsp;<\/p>\n","protected":false},"excerpt":{"rendered":"<p>&nbsp; Ap\u00f3s passagem pelo S\u00e3o Jos\u00e9 Futsal na \u00faltima temporada, o ala Victor Mello, nesta quarta-feira (13), anunciou seu retorno<\/p>\n","protected":false},"author":1,"featured_media":8427,"comment_status":"closed","ping_status":"open","sticky":false,"template":"","format":"standard","meta":{"footnotes":""},"categories":[32],"tags":[104,190,509,1409,1640,1645,1719,1835,2106,2198,2459,2585],"class_list":["post-8425","post","type-post","status-publish","format-standard","has-post-thumbnail","hentry","category-maiores","tag-a-a-b-b","tag-ala","tag-capital","tag-jogador","tag-mello","tag-mercado","tag-negociacoes","tag-paulista","tag-retorno","tag-sao-jose","tag-time","tag-victor-mello"],"_links":{"self":[{"href":"https:\/\/www.federacaopaulistadefutsal.com.br\/novo\/wp-json\/wp\/v2\/posts\/8425","targetHints":{"allow":["GET"]}}],"collection":[{"href":"https:\/\/www.federacaopaulistadefutsal.com.br\/novo\/wp-json\/wp\/v2\/posts"}],"about":[{"href":"https:\/\/www.federacaopaulistadefutsal.com.br\/novo\/wp-json\/wp\/v2\/types\/post"}],"author":[{"embeddable":true,"href":"https:\/\/www.federacaopaulistadefutsal.com.br\/novo\/wp-json\/wp\/v2\/users\/1"}],"replies":[{"embeddable":true,"href":"https:\/\/www.federacaopaulistadefutsal.com.br\/novo\/wp-json\/wp\/v2\/comments?post=8425"}],"version-history":[{"count":0,"href":"https:\/\/www.federacaopaulistadefutsal.com.br\/novo\/wp-json\/wp\/v2\/posts\/8425\/revisions"}],"wp:featuredmedia":[{"embeddable":true,"href":"https:\/\/www.federacaopaulistadefutsal.com.br\/novo\/wp-json\/"}],"wp:attachment":[{"href":"https:\/\/www.federacaopaulistadefutsal.com.br\/novo\/wp-json\/wp\/v2\/media?parent=8425"}],"wp:term":[{"taxonomy":"category","embeddable":true,"href":"https:\/\/www.federacaopaulistadefutsal.com.br\/novo\/wp-json\/wp\/v2\/categories?post=8425"},{"taxonomy":"post_tag","embeddable":true,"href":"https:\/\/www.federacaopaulistadefutsal.com.br\/novo\/wp-json\/wp\/v2\/tags?post=8425"}],"curies":[{"name":"wp","href":"https:\/\/api.w.org\/{rel}","templated":true}]}}