{"id":8438,"date":"2016-01-14T14:40:22","date_gmt":"2016-01-14T14:40:22","guid":{"rendered":"http:\/\/www.federacaopaulistadefutsal.com.br\/?p=8438"},"modified":"2016-01-14T14:40:22","modified_gmt":"2016-01-14T14:40:22","slug":"apos-se-apresentar-no-corinthians-vander-carioca-fala-sobre-expectativas-em-quadra","status":"publish","type":"post","link":"https:\/\/www.federacaopaulistadefutsal.com.br\/novo\/apos-se-apresentar-no-corinthians-vander-carioca-fala-sobre-expectativas-em-quadra\/","title":{"rendered":"Ap\u00f3s se apresentar no Corinthians, Vander Carioca fala sobre expectativas em quadra"},"content":{"rendered":"<p>&nbsp;<br \/>\nAos 39 anos, Vander dos Santos Ferreira, ou Vander Carioca, \u00e9 uma das esperan\u00e7as em quadra do Corinthians para a temporada. O piv\u00f4, campe\u00e3o por onde passou, juntamente com o fixo \u00cdndio, tamb\u00e9m refor\u00e7o do alvinegro para 2016, se apresentou \u00e0 equipe do t\u00e9cnico Fernando Ferretti na \u00faltima ter\u00e7a-feira (12). Confira as palavras do jogador!<br \/>\n<strong>&#8220;Para mim \u00e9 um grande prazer. Eu j\u00e1 fiquei de fora o ano passado, por motivos pessoais, perdi meu pai, joguei Fut7 e agora, 20 anos depois, estou voltando ao futsal paulista; passei pela GM em 1996 e tive boa parte da minha carreira aqui. Eu acho que mesmo com a crise que o pa\u00eds vive, o Corinthians montou um grande time, e claro, n\u00e3o \u00e9 novidade para ningu\u00e9m que vamos em busca do t\u00edtulo da Liga Nacional. Espero ajudar bastante, me doando o m\u00e1ximo dentro de quadra&#8221;,<\/strong> declarou\u00a0Carioca.<br \/>\nCom passagens por equipes como Social Ramos Clube (RJ), Tejusa\/Indaiatuba (SP), A.D. Wimpro, de Guarulhos-SP, GM\/Chevrolet (SP), Jaragu\u00e1 (SC) e Joinville (SC), o jogador vem ao Tim\u00e3o buscando ser artilheiro da equipe em 2016. Reconhecido por onde passou, n\u00e3o apenas nos clubes mas tamb\u00e9m na sele\u00e7\u00e3o brasileira, Carioca vestiu o manto dos seguintes times da Europa: Playas de Castell\u00f3n e Miro Martorell, ambos da Espanha,\u00a0Arzignano Grifo, da It\u00e1lia, e\u00a0Norilsk Nickel, da R\u00fassia.<br \/>\nDurante a carreira, o piv\u00f4 conquistou t\u00edtulos como a Liga Futsal, em 1997, Copa UEFA, nos anos de 2002 e 2003, Copa da It\u00e1lia, na temporada 2005, Copa da R\u00fassia, em 2007, entre outras ta\u00e7as. Vander falou sobre o fato de jogar em S\u00e3o Paulo-SP e, tamb\u00e9m, daquilo que, para ele, o Corinthians representa:\u00a0<strong>&#8220;Gra\u00e7as a Deus me sinto em casa, eu adoro jogar em time de camisa, estou muito feliz, sei da for\u00e7a desta torcida, e tenho certeza que ela (torcida) vai nos ajudar bastante a conseguir os nossos objetivos&#8221;,<\/strong> finalizou o atleta.<br \/>\n&nbsp;<br \/>\nPor Assessoria FPFS<br \/>\nCom informa\u00e7\u00f5es: LigaPaulistaFutsal.com.br<br \/>\nFoto:\u00a0Reprodu\u00e7\u00e3o\/LigaPaulistaFutsal.com.br<br \/>\n&nbsp;<\/p>\n","protected":false},"excerpt":{"rendered":"<p>&nbsp; Aos 39 anos, Vander dos Santos Ferreira, ou Vander Carioca, \u00e9 uma das esperan\u00e7as em quadra do Corinthians para<\/p>\n","protected":false},"author":1,"featured_media":8439,"comment_status":"closed","ping_status":"open","sticky":false,"template":"","format":"standard","meta":{"footnotes":""},"categories":[25,32],"tags":[278,308,469,520,734,940,965,1409,1645,1719,1891,2062,2322,2457,2552],"class_list":["post-8438","post","type-post","status-publish","format-standard","has-post-thumbnail","hentry","category-destaques","category-maiores","tag-artilheiro","tag-atleta","tag-campeao","tag-carioca","tag-corinthians","tag-entrevista","tag-esperanca","tag-jogador","tag-mercado","tag-negociacoes","tag-pivo","tag-reforco","tag-sonora","tag-timao","tag-vander"],"_links":{"self":[{"href":"https:\/\/www.federacaopaulistadefutsal.com.br\/novo\/wp-json\/wp\/v2\/posts\/8438","targetHints":{"allow":["GET"]}}],"collection":[{"href":"https:\/\/www.federacaopaulistadefutsal.com.br\/novo\/wp-json\/wp\/v2\/posts"}],"about":[{"href":"https:\/\/www.federacaopaulistadefutsal.com.br\/novo\/wp-json\/wp\/v2\/types\/post"}],"author":[{"embeddable":true,"href":"https:\/\/www.federacaopaulistadefutsal.com.br\/novo\/wp-json\/wp\/v2\/users\/1"}],"replies":[{"embeddable":true,"href":"https:\/\/www.federacaopaulistadefutsal.com.br\/novo\/wp-json\/wp\/v2\/comments?post=8438"}],"version-history":[{"count":0,"href":"https:\/\/www.federacaopaulistadefutsal.com.br\/novo\/wp-json\/wp\/v2\/posts\/8438\/revisions"}],"wp:featuredmedia":[{"embeddable":true,"href":"https:\/\/www.federacaopaulistadefutsal.com.br\/novo\/wp-json\/"}],"wp:attachment":[{"href":"https:\/\/www.federacaopaulistadefutsal.com.br\/novo\/wp-json\/wp\/v2\/media?parent=8438"}],"wp:term":[{"taxonomy":"category","embeddable":true,"href":"https:\/\/www.federacaopaulistadefutsal.com.br\/novo\/wp-json\/wp\/v2\/categories?post=8438"},{"taxonomy":"post_tag","embeddable":true,"href":"https:\/\/www.federacaopaulistadefutsal.com.br\/novo\/wp-json\/wp\/v2\/tags?post=8438"}],"curies":[{"name":"wp","href":"https:\/\/api.w.org\/{rel}","templated":true}]}}