{"id":8498,"date":"2016-01-18T21:46:05","date_gmt":"2016-01-18T21:46:05","guid":{"rendered":"http:\/\/www.federacaopaulistadefutsal.com.br\/?p=8498"},"modified":"2016-01-18T21:46:05","modified_gmt":"2016-01-18T21:46:05","slug":"apos-passagem-pelo-rio-preto-fumaca-retorna-a-a-a-fib-para-2016","status":"publish","type":"post","link":"https:\/\/www.federacaopaulistadefutsal.com.br\/novo\/apos-passagem-pelo-rio-preto-fumaca-retorna-a-a-a-fib-para-2016\/","title":{"rendered":"Ap\u00f3s passagem pelo Rio Preto, Fuma\u00e7a retorna \u00e0 A.A. FIB para 2016"},"content":{"rendered":"<p>&nbsp;<\/p>\n<p class=\"western\" style=\"text-align: left;\" align=\"JUSTIFY\"><span style=\"font-size: medium;\">Em fevereiro de 2015, a Associa\u00e7\u00e3o Atl\u00e9tica FIB anunciou o ala Fuma\u00e7a como um dos seus refor\u00e7os. O jogador chegou \u00e0 equipe depois de um per\u00edodo defendendo o Rio Preto e teve sua passagem por Bauru-SP encerrada com a queda dos bauruenses na primeira fase da Liga Paulista de Futsal (LPF), no entanto, na temporada 2016, Fuma\u00e7a vestir\u00e1 a camisa laranja mais uma vez.<\/span><\/p>\n<p class=\"western\" style=\"text-align: left;\" align=\"JUSTIFY\"><span style=\"font-size: medium;\"><strong>&#8220;O Fuma\u00e7a \u00e9 um jogador que dispensa apresenta\u00e7\u00f5es, \u00e9 um ala muito habilidoso, que ainda pode fazer a fun\u00e7\u00e3o de fixo, como aconteceu em algumas partidas de sua primeira passagem pela A.A. FIB&#8221;,<\/strong> avaliou Everton Carvalho da Silva, o Alem\u00e3o, que conta com o aux\u00edlio do irm\u00e3o Elton Carvalho na comiss\u00e3o t\u00e9cnica da A.A. FIB. \u00a0<\/span><\/p>\n<p class=\"western\" style=\"text-align: left;\" align=\"JUSTIFY\"><span style=\"font-size: medium;\">No semestre longe da equipe bauruense, Fuma\u00e7a se transferiu para Pomp\u00e9ia-SP e venceu os t\u00edtulos da\u00a0Copa Record de Futsal e da Supercopa Record, al\u00e9m de participar das conquistas da medalha de ouro nos Jogos Regionais e da\u00a0de prata nos Jogos Abertos do Interior de Barretos-SP. \u00a0\u00a0<\/span><\/p>\n<p class=\"western\" style=\"text-align: left;\" align=\"JUSTIFY\"><span style=\"font-size: medium;\">Pela A.A. FIB, o jogador balan\u00e7ou a rede logo na estreia, contra o Sorocaba, do craque Falc\u00e3o. Na rodada de abertura da competi\u00e7\u00e3o, Fuma\u00e7a pegou a bola pouco \u00e0 frente da \u00e1rea bauruense, viu o goleiro sorocabano adiantado e bateu por cobertura. O ala tamb\u00e9m participou da campanha que colocou a equipe de Bauru-SP em quarto lugar\u00a0da Copa TV Tem de Futsal, que reuniu 48 times da regi\u00e3o centro-oeste de S\u00e3o Paulo.\u00a0<\/span><\/p>\n<p class=\"western\" style=\"text-align: left;\" align=\"JUSTIFY\">Com Fuma\u00e7a, a A.A. FIB chega a dez nomes confirmados para a temporada; renovaram com a equipe Misa, Taqu\u00e1, Danilinho, Leandro, L\u00e9o Bauru, e os jovens Pedro, L\u00e9o Mieli e Guilherme. Os bauruenses tamb\u00e9m anunciaram o piv\u00f4 &#8220;Preto&#8221;, ex-Itapeva\/Osasco, como refor\u00e7o. O elenco do t\u00e9cnico Alem\u00e3o se reapresentar\u00e1 em fevereiro, no gin\u00e1sio Duduz\u00e3o, no campus das Faculdades Integradas de Bauru (FIB).<\/p>\n<p class=\"western\" style=\"text-align: left;\" align=\"JUSTIFY\">Por Assessoria FPFS<\/p>\n<p class=\"western\" style=\"text-align: left;\" align=\"JUSTIFY\">Com informa\u00e7\u00f5es e foto: Rafael Peloso\/A.A. FIB<\/p>\n","protected":false},"excerpt":{"rendered":"<p>&nbsp; Em fevereiro de 2015, a Associa\u00e7\u00e3o Atl\u00e9tica FIB anunciou o ala Fuma\u00e7a como um dos seus refor\u00e7os. O jogador<\/p>\n","protected":false},"author":1,"featured_media":8499,"comment_status":"closed","ping_status":"open","sticky":false,"template":"","format":"standard","meta":{"footnotes":""},"categories":[29,32],"tags":[99,308,367,369,689,1125,1409,1645,1719,2062,2106],"class_list":["post-8498","post","type-post","status-publish","format-standard","has-post-thumbnail","hentry","category-interior","category-maiores","tag-a-a-fib","tag-atleta","tag-bauru","tag-bauruenses","tag-contratacao","tag-fumaca","tag-jogador","tag-mercado","tag-negociacoes","tag-reforco","tag-retorno"],"_links":{"self":[{"href":"https:\/\/www.federacaopaulistadefutsal.com.br\/novo\/wp-json\/wp\/v2\/posts\/8498","targetHints":{"allow":["GET"]}}],"collection":[{"href":"https:\/\/www.federacaopaulistadefutsal.com.br\/novo\/wp-json\/wp\/v2\/posts"}],"about":[{"href":"https:\/\/www.federacaopaulistadefutsal.com.br\/novo\/wp-json\/wp\/v2\/types\/post"}],"author":[{"embeddable":true,"href":"https:\/\/www.federacaopaulistadefutsal.com.br\/novo\/wp-json\/wp\/v2\/users\/1"}],"replies":[{"embeddable":true,"href":"https:\/\/www.federacaopaulistadefutsal.com.br\/novo\/wp-json\/wp\/v2\/comments?post=8498"}],"version-history":[{"count":0,"href":"https:\/\/www.federacaopaulistadefutsal.com.br\/novo\/wp-json\/wp\/v2\/posts\/8498\/revisions"}],"wp:featuredmedia":[{"embeddable":true,"href":"https:\/\/www.federacaopaulistadefutsal.com.br\/novo\/wp-json\/"}],"wp:attachment":[{"href":"https:\/\/www.federacaopaulistadefutsal.com.br\/novo\/wp-json\/wp\/v2\/media?parent=8498"}],"wp:term":[{"taxonomy":"category","embeddable":true,"href":"https:\/\/www.federacaopaulistadefutsal.com.br\/novo\/wp-json\/wp\/v2\/categories?post=8498"},{"taxonomy":"post_tag","embeddable":true,"href":"https:\/\/www.federacaopaulistadefutsal.com.br\/novo\/wp-json\/wp\/v2\/tags?post=8498"}],"curies":[{"name":"wp","href":"https:\/\/api.w.org\/{rel}","templated":true}]}}