{"id":8524,"date":"2016-01-20T00:00:51","date_gmt":"2016-01-20T00:00:51","guid":{"rendered":"http:\/\/www.federacaopaulistadefutsal.com.br\/?p=8524"},"modified":"2016-01-20T00:00:51","modified_gmt":"2016-01-20T00:00:51","slug":"campeao-mundial-rafael-rato-fala-sobre-retorno-a-selecao-brasileira","status":"publish","type":"post","link":"https:\/\/www.federacaopaulistadefutsal.com.br\/novo\/campeao-mundial-rafael-rato-fala-sobre-retorno-a-selecao-brasileira\/","title":{"rendered":"Campe\u00e3o mundial, Rafael Rato fala sobre retorno \u00e0 Sele\u00e7\u00e3o Brasileira"},"content":{"rendered":"<p>&nbsp;<br \/>\nCampe\u00e3o mundial em 2012, o fixo Rafael Rato, de 31 anos, est\u00e1 de volta \u00e0 Sele\u00e7\u00e3o Brasileira de Futsal, desta vez, para a disputa das Eliminat\u00f3rias. O jogador, que tamb\u00e9m atua como ala nas quatro linhas, em entrevista ao portal da CBFS, revelou seu pr\u00f3ximo objetivo com a camisa do Brasil. Confira!<br \/>\n<strong>&#8220;A expectativa \u00e9 boa, a melhor poss\u00edvel. Depois de ganhar uma Copa do Mundo com o Brasil, voltar a aparecer em uma convoca\u00e7\u00e3o \u00e9 sempre muito gratificante e ainda mais para um desafio como este, que \u00e9 a Eliminat\u00f3ria para classificar a Sele\u00e7\u00e3o para o pr\u00f3ximo Mundial. Espero poder fazer um grande papel na competi\u00e7\u00e3o e representar da melhor forma poss\u00edvel o meu pa\u00eds&#8221;,<\/strong> declarou Rato.<br \/>\nNo futsal da Europa desde 2004, o atleta atualmente defende\u00a0a equipe do InterMovistar, da Espanha. Para o fixo, \u00e9 essencial trabalhar sua parte t\u00e9cnica, defensivamente e at\u00e9\u00a0ofensivamente nas quatro linhas das quadras.\u00a0<strong>&#8220;Sempre busquei trabalhar todos os aspectos e fundamentos do futsal, mas tamb\u00e9m sempre tive bons treinadores que me cobravam isso. Essa qualidade de ser polivalente acredito que seja um conjunto dessa exig\u00eancia dos dois lados, me ajudando a chegar a esse n\u00edvel de competi\u00e7\u00e3o e de ter essa caracter\u00edstica. Sempre me interessei por melhorar meus aspectos defensivos, assim como minha parte ofensiva. Nos treinamentos, minha grande preocupa\u00e7\u00e3o era com as partes onde tinha mais defici\u00eancia, por isso, acredito, cheguei no n\u00edvel que estou&#8221;,\u00a0<\/strong>finalizou o jogador.<br \/>\n&nbsp;<br \/>\nPor Assessoria FPFS<br \/>\nCom informa\u00e7\u00f5es: CBFS<br \/>\nFoto: Divulga\u00e7\u00e3o\/\u00a0Getty Images\/FIFA<br \/>\n&nbsp;<\/p>\n","protected":false},"excerpt":{"rendered":"<p>&nbsp; Campe\u00e3o mundial em 2012, o fixo Rafael Rato, de 31 anos, est\u00e1 de volta \u00e0 Sele\u00e7\u00e3o Brasileira de Futsal,<\/p>\n","protected":false},"author":1,"featured_media":8532,"comment_status":"closed","ping_status":"open","sticky":false,"template":"","format":"standard","meta":{"footnotes":""},"categories":[35],"tags":[190,308,419,469,563,696,917,940,1088,1409,1702,2028,2033,2106,2239],"class_list":["post-8524","post","type-post","status-publish","format-standard","has-post-thumbnail","hentry","category-selecao","tag-ala","tag-atleta","tag-brasil","tag-campeao","tag-cbfs","tag-convocacao","tag-eliminatorias","tag-entrevista","tag-fixo","tag-jogador","tag-mundial","tag-rafael","tag-rato","tag-retorno","tag-selecao"],"_links":{"self":[{"href":"https:\/\/www.federacaopaulistadefutsal.com.br\/novo\/wp-json\/wp\/v2\/posts\/8524","targetHints":{"allow":["GET"]}}],"collection":[{"href":"https:\/\/www.federacaopaulistadefutsal.com.br\/novo\/wp-json\/wp\/v2\/posts"}],"about":[{"href":"https:\/\/www.federacaopaulistadefutsal.com.br\/novo\/wp-json\/wp\/v2\/types\/post"}],"author":[{"embeddable":true,"href":"https:\/\/www.federacaopaulistadefutsal.com.br\/novo\/wp-json\/wp\/v2\/users\/1"}],"replies":[{"embeddable":true,"href":"https:\/\/www.federacaopaulistadefutsal.com.br\/novo\/wp-json\/wp\/v2\/comments?post=8524"}],"version-history":[{"count":0,"href":"https:\/\/www.federacaopaulistadefutsal.com.br\/novo\/wp-json\/wp\/v2\/posts\/8524\/revisions"}],"wp:featuredmedia":[{"embeddable":true,"href":"https:\/\/www.federacaopaulistadefutsal.com.br\/novo\/wp-json\/"}],"wp:attachment":[{"href":"https:\/\/www.federacaopaulistadefutsal.com.br\/novo\/wp-json\/wp\/v2\/media?parent=8524"}],"wp:term":[{"taxonomy":"category","embeddable":true,"href":"https:\/\/www.federacaopaulistadefutsal.com.br\/novo\/wp-json\/wp\/v2\/categories?post=8524"},{"taxonomy":"post_tag","embeddable":true,"href":"https:\/\/www.federacaopaulistadefutsal.com.br\/novo\/wp-json\/wp\/v2\/tags?post=8524"}],"curies":[{"name":"wp","href":"https:\/\/api.w.org\/{rel}","templated":true}]}}