{"id":8555,"date":"2016-01-22T16:00:25","date_gmt":"2016-01-22T16:00:25","guid":{"rendered":"http:\/\/www.federacaopaulistadefutsal.com.br\/?p=8555"},"modified":"2016-01-22T16:00:25","modified_gmt":"2016-01-22T16:00:25","slug":"com-camisa-do-sorocaba-gleison-busca-brigar-por-titulos-nas-quatro-linhas","status":"publish","type":"post","link":"https:\/\/www.federacaopaulistadefutsal.com.br\/novo\/com-camisa-do-sorocaba-gleison-busca-brigar-por-titulos-nas-quatro-linhas\/","title":{"rendered":"Com camisa do Sorocaba, Gleison busca brigar por t\u00edtulos nas quatro linhas"},"content":{"rendered":"<p>&nbsp;<br \/>\nVice-campe\u00e3o da Copa Paulista de Futsal na \u00faltima temporada com a A.D. Yoka, de Guaratinguet\u00e1-SP, o ala Gleison \u00e9 uma das novidades do Sorocaba para 2016. O jogador, que atuou por dois anos no time guaratinguetaense, falou sobre suas expectativas em quadra com a equipe do craque Falc\u00e3o. Confira!<br \/>\n<strong>&#8220;Era a chance que eu queria, trabalhei tantos anos. Brigas, les\u00f5es, lutando contra o meu pr\u00f3prio corpo para chegar num limite, que hoje eu posso dizer que tudo aconteceu do jeito que eu queria; porque nada que aconteceu l\u00e1 tr\u00e1s foi em v\u00e3o. Por eu estar aqui hoje, o que eu fiz l\u00e1 tr\u00e1s est\u00e1 sendo reconhecido tamb\u00e9m&#8221;,<\/strong> declarou o atleta.<br \/>\nGleison, com passagens por equipes como A.D. S\u00e3o Bernardo e Primeiro de Maio, de Santo Andr\u00e9-SP, acredita que a oportunidade de vestir a camisa do Sorocaba era a &#8220;chance que buscava&#8221;. Ainda de acordo com o jogador, durante sua trajet\u00f3ria no futsal, entrou em quadra por times que, geralmente, brigavam para chegar \u00e0 segunda fase de competi\u00e7\u00f5es, e hoje poder\u00e1 disputar t\u00edtulos com o manto do Sorocaba.<br \/>\n<strong>&#8220;O brilhantismo do futsal \u00e9 este: um dia n\u00f3s estamos num time que briga para se classificar, essa \u00e9 a realidade, e hoje voc\u00ea est\u00e1 num time que briga por t\u00edtulos. Para mim \u00e9 uma satisfa\u00e7\u00e3o imensa estar num time de mega campe\u00f5es, jogadores de sele\u00e7\u00e3o brasileira, treinador de sele\u00e7\u00e3o brasileira. Isso tudo me d\u00e1 muita vontade de vencer, j\u00e1 tenho muita e ela s\u00f3 aumenta&#8221;,<\/strong> finalizou.<br \/>\n&nbsp;<br \/>\nPor Assessoria FPFS<br \/>\nCom informa\u00e7\u00f5es: Amanda Souza\/Futsal em Pauta<br \/>\nFoto: Divulga\u00e7\u00e3o\/ Danilo Camargo\/Sorocaba Futsal<br \/>\n&nbsp;<\/p>\n","protected":false},"excerpt":{"rendered":"<p>&nbsp; Vice-campe\u00e3o da Copa Paulista de Futsal na \u00faltima temporada com a A.D. Yoka, de Guaratinguet\u00e1-SP, o ala Gleison \u00e9<\/p>\n","protected":false},"author":1,"featured_media":8556,"comment_status":"closed","ping_status":"open","sticky":false,"template":"","format":"standard","meta":{"footnotes":""},"categories":[29,32],"tags":[190,308,940,1007,1019,1193,1240,1570,2325,2328,2464,2631],"class_list":["post-8555","post","type-post","status-publish","format-standard","has-post-thumbnail","hentry","category-interior","category-maiores","tag-ala","tag-atleta","tag-entrevista","tag-expectativas","tag-falcao","tag-gleison","tag-guaratingueta","tag-magnus","tag-sorocaba","tag-sorocabanos","tag-titulos","tag-yoka"],"_links":{"self":[{"href":"https:\/\/www.federacaopaulistadefutsal.com.br\/novo\/wp-json\/wp\/v2\/posts\/8555","targetHints":{"allow":["GET"]}}],"collection":[{"href":"https:\/\/www.federacaopaulistadefutsal.com.br\/novo\/wp-json\/wp\/v2\/posts"}],"about":[{"href":"https:\/\/www.federacaopaulistadefutsal.com.br\/novo\/wp-json\/wp\/v2\/types\/post"}],"author":[{"embeddable":true,"href":"https:\/\/www.federacaopaulistadefutsal.com.br\/novo\/wp-json\/wp\/v2\/users\/1"}],"replies":[{"embeddable":true,"href":"https:\/\/www.federacaopaulistadefutsal.com.br\/novo\/wp-json\/wp\/v2\/comments?post=8555"}],"version-history":[{"count":0,"href":"https:\/\/www.federacaopaulistadefutsal.com.br\/novo\/wp-json\/wp\/v2\/posts\/8555\/revisions"}],"wp:featuredmedia":[{"embeddable":true,"href":"https:\/\/www.federacaopaulistadefutsal.com.br\/novo\/wp-json\/"}],"wp:attachment":[{"href":"https:\/\/www.federacaopaulistadefutsal.com.br\/novo\/wp-json\/wp\/v2\/media?parent=8555"}],"wp:term":[{"taxonomy":"category","embeddable":true,"href":"https:\/\/www.federacaopaulistadefutsal.com.br\/novo\/wp-json\/wp\/v2\/categories?post=8555"},{"taxonomy":"post_tag","embeddable":true,"href":"https:\/\/www.federacaopaulistadefutsal.com.br\/novo\/wp-json\/wp\/v2\/tags?post=8555"}],"curies":[{"name":"wp","href":"https:\/\/api.w.org\/{rel}","templated":true}]}}