{"id":8559,"date":"2016-01-22T18:16:17","date_gmt":"2016-01-22T18:16:17","guid":{"rendered":"http:\/\/www.federacaopaulistadefutsal.com.br\/?p=8559"},"modified":"2016-01-22T18:16:17","modified_gmt":"2016-01-22T18:16:17","slug":"ex-goleiro-da-a-d-indaiatuba-carvalho-e-o-novo-preparador-fisico-da-equipe","status":"publish","type":"post","link":"https:\/\/www.federacaopaulistadefutsal.com.br\/novo\/ex-goleiro-da-a-d-indaiatuba-carvalho-e-o-novo-preparador-fisico-da-equipe\/","title":{"rendered":"Ex-goleiro da A.D. Indaiatuba, Carvalho \u00e9 o novo preparador f\u00edsico da equipe"},"content":{"rendered":"<p>&nbsp;<br \/>\nEx-goleiro da A.D. Indaiatuba no ano passado, Diogo Breno Carvalho, mais conhecido como &#8220;Biro&#8221;, vai exercer nova fun\u00e7\u00e3o na equipe na temporada 2016. Recentemente, Carvalho concluiu o curso de Educa\u00e7\u00e3o F\u00edsica e, agora, ser\u00e1 preparador f\u00edsico do time indaiatubano neste ano.<br \/>\nBiro, a partir deste m\u00eas de janeiro, j\u00e1 est\u00e1 respons\u00e1vel pela parte e prepara\u00e7\u00e3o f\u00edsica dos jogadores do clube paulista. Considerado pelo time uma &#8220;prata da casa&#8221;, Diogo, at\u00e9 o momento, \u00e9 uma das principais novidades da A.D.I. para 2016.<br \/>\n&nbsp;<br \/>\nPor Assessoria FPFS<br \/>\nComo informa\u00e7\u00f5es: Futsal em Pauta<br \/>\nFoto: Divulga\u00e7\u00e3o\/A.D. Indaiatuba<br \/>\n&nbsp;<\/p>\n","protected":false},"excerpt":{"rendered":"<p>&nbsp; Ex-goleiro da A.D. Indaiatuba no ano passado, Diogo Breno Carvalho, mais conhecido como &#8220;Biro&#8221;, vai exercer nova fun\u00e7\u00e3o na<\/p>\n","protected":false},"author":1,"featured_media":8563,"comment_status":"closed","ping_status":"open","sticky":false,"template":"","format":"standard","meta":{"footnotes":""},"categories":[32],"tags":[90,271,534,851,903,1085,1205,1297,1301,1409,1645,1719,1749,1951,1982],"class_list":["post-8559","post","type-post","status-publish","format-standard","has-post-thumbnail","hentry","category-maiores","tag-9-de-julho","tag-arqueiro","tag-carvalho","tag-diogo","tag-educacao-fisica","tag-fisico","tag-goleiro","tag-indaiatuba","tag-indaiatubanos","tag-jogador","tag-mercado","tag-negociacoes","tag-novidade","tag-preparador","tag-profissional"],"_links":{"self":[{"href":"https:\/\/www.federacaopaulistadefutsal.com.br\/novo\/wp-json\/wp\/v2\/posts\/8559","targetHints":{"allow":["GET"]}}],"collection":[{"href":"https:\/\/www.federacaopaulistadefutsal.com.br\/novo\/wp-json\/wp\/v2\/posts"}],"about":[{"href":"https:\/\/www.federacaopaulistadefutsal.com.br\/novo\/wp-json\/wp\/v2\/types\/post"}],"author":[{"embeddable":true,"href":"https:\/\/www.federacaopaulistadefutsal.com.br\/novo\/wp-json\/wp\/v2\/users\/1"}],"replies":[{"embeddable":true,"href":"https:\/\/www.federacaopaulistadefutsal.com.br\/novo\/wp-json\/wp\/v2\/comments?post=8559"}],"version-history":[{"count":0,"href":"https:\/\/www.federacaopaulistadefutsal.com.br\/novo\/wp-json\/wp\/v2\/posts\/8559\/revisions"}],"wp:featuredmedia":[{"embeddable":true,"href":"https:\/\/www.federacaopaulistadefutsal.com.br\/novo\/wp-json\/"}],"wp:attachment":[{"href":"https:\/\/www.federacaopaulistadefutsal.com.br\/novo\/wp-json\/wp\/v2\/media?parent=8559"}],"wp:term":[{"taxonomy":"category","embeddable":true,"href":"https:\/\/www.federacaopaulistadefutsal.com.br\/novo\/wp-json\/wp\/v2\/categories?post=8559"},{"taxonomy":"post_tag","embeddable":true,"href":"https:\/\/www.federacaopaulistadefutsal.com.br\/novo\/wp-json\/wp\/v2\/tags?post=8559"}],"curies":[{"name":"wp","href":"https:\/\/api.w.org\/{rel}","templated":true}]}}