{"id":8622,"date":"2016-01-26T15:00:22","date_gmt":"2016-01-26T15:00:22","guid":{"rendered":"http:\/\/www.federacaopaulistadefutsal.com.br\/?p=8622"},"modified":"2016-01-26T15:00:22","modified_gmt":"2016-01-26T15:00:22","slug":"pre-temporada-reformulado-corinthians-segue-se-preparando-para-taca-brasil","status":"publish","type":"post","link":"https:\/\/www.federacaopaulistadefutsal.com.br\/novo\/pre-temporada-reformulado-corinthians-segue-se-preparando-para-taca-brasil\/","title":{"rendered":"Pr\u00e9-temporada: Reformulado Corinthians segue se preparando para Ta\u00e7a Brasil"},"content":{"rendered":"<p>&nbsp;<br \/>\nReformulado em quadra, o Corinthians segue se preparando para a temporada 2016, na qual ter\u00e1, pela frente, a Ta\u00e7a Brasil de Clubes como o primeiro desafio nas quatro linhas. Preparador f\u00edsico, Juninho falou sobre o trabalho j\u00e1 realizado pelo Tim\u00e3o na atual pr\u00e9-temporada. Confira!<br \/>\n<strong>&#8220;Foi uma semana muito produtiva, com os jogadores evoluindo a parte f\u00edsica e a parte t\u00e1tica. Neste primeiro momento, nos preocupamos em equilibrar as atividades di\u00e1rias e os treinamentos, sendo realizados de forma gradativa, j\u00e1 que os atletas v\u00eaem de um per\u00edodo de inatividade&#8221;,<\/strong> declarou Juninho sobre a \u00faltima semana da prepara\u00e7\u00e3o dos jogadores\u00a0corintianos.<br \/>\nO preparador f\u00edsico disse, tamb\u00e9m, que os treinamentos do Corinthians foram divididos para n\u00e3o trazerem desgaste aos atletas: <strong>&#8220;Temos que tornar menos agressivo poss\u00edvel este processo de readapta\u00e7\u00e3o. Ent\u00e3o n\u00f3s demos bastante aten\u00e7\u00e3o a isso, j\u00e1 no planejamento. Assim, nossos treinamentos s\u00e3o divididos em partes: nos treinos com bola, criamos regras, para tirarmos um pouco desta intensidade, e essa atividades n\u00f3s chamamos de &#8216;Jogos Condicionantes&#8217;, que nada mais s\u00e3o do que um complemento da minha parte&#8221;.\u00a0<\/strong>revelou.<br \/>\n<strong>&#8220;Na parte f\u00edsica, desenvolvemos um treinamento &#8216;intervalado&#8217;, com a predomin\u00e2ncia anaer\u00f3bia, com o intuito de melhorar os seus esfor\u00e7os m\u00e1ximos e subm\u00e1ximos, os quais os atletas s\u00e3o submetidos em jogos e treinos. Iniciamos a prepara\u00e7\u00e3o da for\u00e7a e suas a\u00e7\u00f5es, depois complementamos com atividades espec\u00edficas (como j\u00e1 tinha mencionado: os &#8216;Jogos Condicionantes&#8217;)&#8221;,<\/strong> declarou Juninho, que tem o treinador Fernando Ferretti e o auxiliar t\u00e9cnico Andr\u00e9 Bi\u00e9 na comiss\u00e3o t\u00e9cnica do Tim\u00e3o.<br \/>\nO preparador f\u00edsico completou falando sobre o fato de monitorar o desgaste dos atletas do alvinegro e, tamb\u00e9m, do seu planejamento com o elenco para os pr\u00f3ximos dias: <strong>&#8220;Procuramos monitorar todo esse stress f\u00edsico, gerado pelos treinamentos, para que os atletas estejam na melhor condi\u00e7\u00e3o poss\u00edvel. Na pr\u00f3xima semana, o planejamento \u00e9 evoluir e intensificar os treinos, ainda respeitando o per\u00edodo (o qual ainda \u00e9 preparat\u00f3rio), mas ser\u00e1 mais forte em rela\u00e7\u00e3o \u00e0 semana anterior&#8221;,<\/strong> finalizou Juninho.<br \/>\n&nbsp;<br \/>\nPor Assessoria FPFS<br \/>\nCom informa\u00e7\u00f5es: Futsal em Pauta<br \/>\nFoto: Reprodu\u00e7\u00e3o\/Liga Paulista de Futsal (LPF)<br \/>\n&nbsp;<br \/>\n&nbsp;<br \/>\n&nbsp;<\/p>\n","protected":false},"excerpt":{"rendered":"<p>&nbsp; Reformulado em quadra, o Corinthians segue se preparando para a temporada 2016, na qual ter\u00e1, pela frente, a Ta\u00e7a<\/p>\n","protected":false},"author":1,"featured_media":8623,"comment_status":"closed","ping_status":"open","sticky":false,"template":"","format":"standard","meta":{"footnotes":""},"categories":[32],"tags":[203,734,940,1456,1937,1948,1953,1982,2004,2395,2457],"class_list":["post-8622","post","type-post","status-publish","format-standard","has-post-thumbnail","hentry","category-maiores","tag-alvinegro","tag-corinthians","tag-entrevista","tag-juninho","tag-pre-temporada","tag-preparacao","tag-preparador-fisico","tag-profissional","tag-quadra","tag-taca-brasil","tag-timao"],"_links":{"self":[{"href":"https:\/\/www.federacaopaulistadefutsal.com.br\/novo\/wp-json\/wp\/v2\/posts\/8622","targetHints":{"allow":["GET"]}}],"collection":[{"href":"https:\/\/www.federacaopaulistadefutsal.com.br\/novo\/wp-json\/wp\/v2\/posts"}],"about":[{"href":"https:\/\/www.federacaopaulistadefutsal.com.br\/novo\/wp-json\/wp\/v2\/types\/post"}],"author":[{"embeddable":true,"href":"https:\/\/www.federacaopaulistadefutsal.com.br\/novo\/wp-json\/wp\/v2\/users\/1"}],"replies":[{"embeddable":true,"href":"https:\/\/www.federacaopaulistadefutsal.com.br\/novo\/wp-json\/wp\/v2\/comments?post=8622"}],"version-history":[{"count":0,"href":"https:\/\/www.federacaopaulistadefutsal.com.br\/novo\/wp-json\/wp\/v2\/posts\/8622\/revisions"}],"wp:featuredmedia":[{"embeddable":true,"href":"https:\/\/www.federacaopaulistadefutsal.com.br\/novo\/wp-json\/"}],"wp:attachment":[{"href":"https:\/\/www.federacaopaulistadefutsal.com.br\/novo\/wp-json\/wp\/v2\/media?parent=8622"}],"wp:term":[{"taxonomy":"category","embeddable":true,"href":"https:\/\/www.federacaopaulistadefutsal.com.br\/novo\/wp-json\/wp\/v2\/categories?post=8622"},{"taxonomy":"post_tag","embeddable":true,"href":"https:\/\/www.federacaopaulistadefutsal.com.br\/novo\/wp-json\/wp\/v2\/tags?post=8622"}],"curies":[{"name":"wp","href":"https:\/\/api.w.org\/{rel}","templated":true}]}}